{"id":34533,"date":"2021-04-07T12:22:05","date_gmt":"2021-04-07T15:22:05","guid":{"rendered":"http:\/\/www.sincomam.org.br\/?p=34533"},"modified":"2021-04-07T15:17:40","modified_gmt":"2021-04-07T18:17:40","slug":"senado-poe-em-pauta-projeto-que-recria-programa-de-corte-de-salario-e-jornada","status":"publish","type":"post","link":"https:\/\/www.sincomam.org.br\/index.php\/senado-poe-em-pauta-projeto-que-recria-programa-de-corte-de-salario-e-jornada\/","title":{"rendered":"Senado p\u00f5e em pauta projeto que recria programa de corte de sal\u00e1rio e jornada"},"content":{"rendered":"<p>O Senado decidiu pautar projeto que permite \u00e0s empresas cortarem at\u00e9 o fim do ano jornada e sal\u00e1rio dos funcion\u00e1rios ou suspenderem contratos, nos mesmos moldes do programa adotado em 2020. Como contrapartida, o governo complementaria a renda dos trabalhadores atingidos com o BEm (Benef\u00edcio Emergencial para Preserva\u00e7\u00e3o do Emprego e da Renda).<\/p>\n<p>A equipe econ\u00f4mica discute reeditar o programa por meio de MP (medida provis\u00f3ria), mas ainda esbarra no impasse jur\u00eddico em torno da abertura de um novo cr\u00e9dito extraordin\u00e1rio, fora do teto de gastos, para bancar a rodada do benef\u00edcio. O movimento dos senadores pressiona o governo a retomar a medida.<\/p>\n<p>Hoje, o presidente Jair Bolsonaro deve se encontrar com empres\u00e1rios em S\u00e3o Paulo. Eles devem refor\u00e7ar o apelo pela volta do programa para que demiss\u00f5es sejam evitadas.<\/p>\n<p>Como mostrou o Estad\u00e3o, o novo programa de redu\u00e7\u00e3o de jornada e sal\u00e1rio ou suspens\u00e3o de contrato deve alcan\u00e7ar entre 3,8 milh\u00f5es e 4 milh\u00f5es de trabalhadores. Esse \u00e9 o n\u00famero m\u00e1ximo de acordos entre empresas e empregados que podem ser abarcados pelo valor estipulado para bancar a medida, que deve ficar em R$ 9,8 bilh\u00f5es.<\/p>\n<p>O modelo deve ser o mesmo do ano passado: acordos para redu\u00e7\u00e3o proporcional de jornada e sal\u00e1rio em 25%, 50% ou 70%, ou suspens\u00e3o total do contrato.<\/p>\n<p>As estimativas s\u00e3o maiores do que as iniciais porque o governo quer garantir cobertura e disponibilidade de recursos em caso de necessidade, uma vez que diversos prefeitos e governadores t\u00eam adotado medidas mais r\u00edgidas de distanciamento social. O setor de servi\u00e7os \u00e9 um dos mais impactados e tem assistido a um aumento de demiss\u00f5es nas \u00faltimas semanas, segundo representantes do setor.<\/p>\n<p>O projeto do Senado obriga a Uni\u00e3o a retomar os programas executados no ano passado, mas n\u00e3o apresenta impacto financeiro e medidas de compensa\u00e7\u00e3o no Or\u00e7amento deste ano, como exige a Constitui\u00e7\u00e3o e a Lei de Responsabilidade Fiscal. Em 2020, o governo tinha um &#8220;cheque em branco&#8221; para gastar com medidas de combate \u00e0 pandemia sem precisar respeitar essas regras por causa do decreto de calamidade. Neste ano, por\u00e9m, n\u00e3o h\u00e1 regra de calamidade em vigor.<\/p>\n<p>No ano passado, o governo destinou R$ 33,5 bilh\u00f5es ao programa, que registrou mais de 10 milh\u00f5es de acordos entre empresas e trabalhadores. O resultado foi considerado bem-sucedido. O Brasil registrou a cria\u00e7\u00e3o de 95,6 mil postos de trabalho com carteira assinada em 2020 (incluindo declara\u00e7\u00f5es feitas fora do prazo).<\/p>\n<p><strong>Calamidade <\/strong><\/p>\n<p>A vota\u00e7\u00e3o do projeto exp\u00f5e uma press\u00e3o no Congresso Nacional para editar um novo decreto de calamidade p\u00fablica, abrindo a porteira para novos gastos com o argumento de conter o avan\u00e7o do novo coronav\u00edrus, em um per\u00edodo de aumento de mortes e falta de vacina para a toda a popula\u00e7\u00e3o. &#8220;Se tiver que colocar dinheiro novo, n\u00f3s vamos ter de rediscutir o decreto de calamidade&#8221;, disse o senador.<\/p>\n<p>Pela PEC (Proposta de Emenda \u00e0 Constitui\u00e7\u00e3o) emergencial, promulgada no m\u00eas passado, um novo per\u00edodo de calamidade s\u00f3 pode ser decretado pelo Congresso a pedido do presidente da Rep\u00fablica.<\/p>\n<p>A vota\u00e7\u00e3o do projeto n\u00e3o foi negociada com o Pal\u00e1cio do Planalto. O relator do projeto, Carlos Viana (PSD-MG), vice-l\u00edder do governo no Senado, aguarda um levantamento com o impacto financeiro da proposta antes de apresentar o parecer. O governo n\u00e3o enviou representantes para a reuni\u00e3o de l\u00edderes partid\u00e1rios que decidiu incluir a proposta na pauta. O presidente do Senado, Rodrigo Pacheco (DEM-MG), concordou em pautar o projeto, apesar de n\u00e3o haver acordo com o governo.<\/p>\n<p>Fonte: UOL\/ jornal O Estado de S. Paulo<\/p>\n<p>&nbsp;<\/p>\n<p><em>\u00a0<\/em><\/p>\n","protected":false},"excerpt":{"rendered":"<p>O Senado decidiu pautar projeto que permite \u00e0s empresas cortarem at\u00e9 o fim do ano jornada e sal\u00e1rio dos funcion\u00e1rios ou suspenderem contratos, nos mesmos&#8230;<\/p>\n","protected":false},"author":1182,"featured_media":0,"comment_status":"closed","ping_status":"closed","sticky":false,"template":"","format":"standard","meta":{"footnotes":""},"categories":[6],"tags":[],"class_list":["post-34533","post","type-post","status-publish","format-standard","hentry","category-noticias"],"_links":{"self":[{"href":"https:\/\/www.sincomam.org.br\/index.php\/wp-json\/wp\/v2\/posts\/34533","targetHints":{"allow":["GET"]}}],"collection":[{"href":"https:\/\/www.sincomam.org.br\/index.php\/wp-json\/wp\/v2\/posts"}],"about":[{"href":"https:\/\/www.sincomam.org.br\/index.php\/wp-json\/wp\/v2\/types\/post"}],"author":[{"embeddable":true,"href":"https:\/\/www.sincomam.org.br\/index.php\/wp-json\/wp\/v2\/users\/1182"}],"replies":[{"embeddable":true,"href":"https:\/\/www.sincomam.org.br\/index.php\/wp-json\/wp\/v2\/comments?post=34533"}],"version-history":[{"count":1,"href":"https:\/\/www.sincomam.org.br\/index.php\/wp-json\/wp\/v2\/posts\/34533\/revisions"}],"predecessor-version":[{"id":34534,"href":"https:\/\/www.sincomam.org.br\/index.php\/wp-json\/wp\/v2\/posts\/34533\/revisions\/34534"}],"wp:attachment":[{"href":"https:\/\/www.sincomam.org.br\/index.php\/wp-json\/wp\/v2\/media?parent=34533"}],"wp:term":[{"taxonomy":"category","embeddable":true,"href":"https:\/\/www.sincomam.org.br\/index.php\/wp-json\/wp\/v2\/categories?post=34533"},{"taxonomy":"post_tag","embeddable":true,"href":"https:\/\/www.sincomam.org.br\/index.php\/wp-json\/wp\/v2\/tags?post=34533"}],"curies":[{"name":"wp","href":"https:\/\/api.w.org\/{rel}","templated":true}]}}