{"id":34531,"date":"2021-04-07T11:55:59","date_gmt":"2021-04-07T14:55:59","guid":{"rendered":"http:\/\/www.sincomam.org.br\/?p=34531"},"modified":"2021-04-07T11:55:59","modified_gmt":"2021-04-07T14:55:59","slug":"senado-aprova-prioridades-na-restituicao-do-imposto-de-renda","status":"publish","type":"post","link":"https:\/\/www.sincomam.org.br\/index.php\/senado-aprova-prioridades-na-restituicao-do-imposto-de-renda\/","title":{"rendered":"Senado aprova prioridades na restitui\u00e7\u00e3o do Imposto de Renda"},"content":{"rendered":"<p><strong><em>Profissionais de sa\u00fade, seguran\u00e7a e desempregados est\u00e3o na lista<\/em><\/strong><\/p>\n<p>O Senado aprovou hoje (6) um projeto de lei (PL) que coloca profissionais de sa\u00fade e seguran\u00e7a p\u00fablica na lista de prioridades na restitui\u00e7\u00e3o do Imposto de Renda. Da mesma forma, tamb\u00e9m entram como prioridade profissionais da assist\u00eancia social, educa\u00e7\u00e3o e os trabalhadores que perderam o emprego em 2020 e 2021. O projeto segue para a C\u00e2mara.<\/p>\n<p>O projeto inicial tratava apenas dos profissionais de sa\u00fade e dos desempregados, mas o relator do PL, Rog\u00e9rio Carvalho (PT-SE), acatou v\u00e1rias emendas que mudaram o projeto e inclu\u00edram profissionais da \u00e1rea de seguran\u00e7a p\u00fablica, assist\u00eancia social e educa\u00e7\u00e3o. Outra altera\u00e7\u00e3o tamb\u00e9m incluiu os desempregados. Originalmente, o texto inclu\u00eda apenas os desempregados no ano passado. O relator incluiu tamb\u00e9m aqueles cujo emprego foi perdido neste ano.<\/p>\n<p>A regra estabelecida no projeto determina que receber\u00e3o a restitui\u00e7\u00e3o com prioridade os profissionais com restitui\u00e7\u00e3o de at\u00e9 R$ 11 mil; e os contribuintes que perderam o v\u00ednculo empregat\u00edcio em 2020 e 2021 e se encontrem desempregados na data final de entrega da declara\u00e7\u00e3o de rendimentos.<\/p>\n<p>O autor do projeto, senador Jaques Wagner (PT-BA), argumenta que a medida propiciar\u00e1 aux\u00edlio extra na manuten\u00e7\u00e3o e na preserva\u00e7\u00e3o da dignidade dessas pessoas, \u201cal\u00e9m de ajudar o pa\u00eds no reaquecimento da economia\u201d. Carvalho considerou justa a medida e afirmou que os beneficiados pelo projeto tamb\u00e9m receber\u00e3o a restitui\u00e7\u00e3o antes das atuais categorias priorit\u00e1rias.<\/p>\n<p><em>\u201cTrata-se de justa aten\u00e7\u00e3o aos profissionais que se sacrificam para salvar a vida dos brasileiros e \u00e0queles que precisam antecipar a restitui\u00e7\u00e3o para garantir o seu sustento. Essa prioridade vai se sobrepor \u00e0s j\u00e1 existentes, a saber: idosos, professores e pessoas com defici\u00eancia\u201d.<\/em><\/p>\n<p>Fonte: Ag\u00eancia Brasil<\/p>\n","protected":false},"excerpt":{"rendered":"<p>Profissionais de sa\u00fade, seguran\u00e7a e desempregados est\u00e3o na lista O Senado aprovou hoje (6) um projeto de lei (PL) que coloca profissionais de sa\u00fade e&#8230;<\/p>\n","protected":false},"author":1182,"featured_media":33961,"comment_status":"closed","ping_status":"closed","sticky":false,"template":"","format":"standard","meta":{"footnotes":""},"categories":[6],"tags":[818,4527,1365,203,3367,367,239,924,1140],"class_list":["post-34531","post","type-post","status-publish","format-standard","has-post-thumbnail","hentry","category-noticias","tag-aprovacao","tag-assistencia-social","tag-educacao","tag-imposto-de-renda","tag-prioridade","tag-projeto","tag-seguranca","tag-senado","tag-trabalhadores"],"_links":{"self":[{"href":"https:\/\/www.sincomam.org.br\/index.php\/wp-json\/wp\/v2\/posts\/34531","targetHints":{"allow":["GET"]}}],"collection":[{"href":"https:\/\/www.sincomam.org.br\/index.php\/wp-json\/wp\/v2\/posts"}],"about":[{"href":"https:\/\/www.sincomam.org.br\/index.php\/wp-json\/wp\/v2\/types\/post"}],"author":[{"embeddable":true,"href":"https:\/\/www.sincomam.org.br\/index.php\/wp-json\/wp\/v2\/users\/1182"}],"replies":[{"embeddable":true,"href":"https:\/\/www.sincomam.org.br\/index.php\/wp-json\/wp\/v2\/comments?post=34531"}],"version-history":[{"count":1,"href":"https:\/\/www.sincomam.org.br\/index.php\/wp-json\/wp\/v2\/posts\/34531\/revisions"}],"predecessor-version":[{"id":34532,"href":"https:\/\/www.sincomam.org.br\/index.php\/wp-json\/wp\/v2\/posts\/34531\/revisions\/34532"}],"wp:featuredmedia":[{"embeddable":true,"href":"https:\/\/www.sincomam.org.br\/index.php\/wp-json\/wp\/v2\/media\/33961"}],"wp:attachment":[{"href":"https:\/\/www.sincomam.org.br\/index.php\/wp-json\/wp\/v2\/media?parent=34531"}],"wp:term":[{"taxonomy":"category","embeddable":true,"href":"https:\/\/www.sincomam.org.br\/index.php\/wp-json\/wp\/v2\/categories?post=34531"},{"taxonomy":"post_tag","embeddable":true,"href":"https:\/\/www.sincomam.org.br\/index.php\/wp-json\/wp\/v2\/tags?post=34531"}],"curies":[{"name":"wp","href":"https:\/\/api.w.org\/{rel}","templated":true}]}}