{"id":34519,"date":"2021-04-06T13:55:41","date_gmt":"2021-04-06T16:55:41","guid":{"rendered":"http:\/\/www.sincomam.org.br\/?p=34519"},"modified":"2021-04-06T13:55:41","modified_gmt":"2021-04-06T16:55:41","slug":"justica-autoriza-sindicato-do-interior-de-sp-a-comprar-vacinas-para-funcionarios","status":"publish","type":"post","link":"https:\/\/www.sincomam.org.br\/index.php\/justica-autoriza-sindicato-do-interior-de-sp-a-comprar-vacinas-para-funcionarios\/","title":{"rendered":"Justi\u00e7a autoriza sindicato do interior de SP a comprar vacinas para funcion\u00e1rios"},"content":{"rendered":"<p><strong><em>O mesmo pedido de liminar havia sido negado pela 6\u00aa Vara Federal de Campinas; nesta segunda-feira (5), no entanto, o TRF-3 autorizou a compra<\/em><\/strong><\/p>\n<p>O desembargador Lu\u00eds Antonio Johonsom di Salvo, do Tribunal Regional Federal da 3\u00aa Regi\u00e3o, autorizou o Sindicato dos Empregados no Com\u00e9rcio de Campinas, Paul\u00ednia e Valinhos, em S\u00e3o Paulo, a comprar at\u00e9 1 milh\u00e3o de doses de vacinas j\u00e1 aprovadas pela Anvisa para imunizar filiados e familiares. Em primeira inst\u00e2ncia, o pedido foi negado.<\/p>\n<p>Na decis\u00e3o, o desembargador afirma que a vacina\u00e7\u00e3o no Brasil est\u00e1 lenta e que o grupo priorit\u00e1rio definido no Plano Nacional de Imuniza\u00e7\u00e3o &#8220;n\u00e3o est\u00e1 perfeito&#8221;.<\/p>\n<p>Di Salvo destaca a exclus\u00e3o, neste primeiro momento, de motoristas e cobradores de \u00f4nibus, policiais e bombeiros, transportadores de cilindros de g\u00e1s, agentes penitenci\u00e1rios, popula\u00e7\u00e3o carcer\u00e1ria, garis e coletores de lixo, moradores de comunidades, agentes funer\u00e1rios e coveiros. Este fato justificaria, segundo ele, a participa\u00e7\u00e3o da iniciativa privada na campanha de vacina\u00e7\u00e3o.<\/p>\n<p>Segundo o Sindicato, 80 mil filiados e parentes podem ser vacinados. As vacinas devem ser compradas com recursos da pr\u00f3pria entidade. As doses que sobrarem dever\u00e3o ser doadas ao SUS.<\/p>\n<p>Por lei, tudo o que fosse adquirido pela entidade tem de ser doado \u00e0 rede p\u00fablica, mas a decis\u00e3o flexibiliza a determina\u00e7\u00e3o legal.<\/p>\n<p>H\u00e1, na C\u00e2mara dos Deputados, um projeto &#8211; ainda em an\u00e1lise &#8211; que permite \u00e0 inciativa privada escolher entre doar toda a compra ao SUS ou imunizar empregados e familiares.<\/p>\n<p><em>&#8220;Vacinar um grupo expressivo de pessoas (80 mil, mais seus parentes) n\u00e3o vai significar que os vacinados ir\u00e3o \u201cfurar filas\u201d, mas vai permitir que aos grupos j\u00e1 institu\u00eddos outros sejam agregados, diminuindo \u2013 ainda que por poucos dias \u2013 o cronograma de vacina\u00e7\u00e3o que, por ser o Brasil uma na\u00e7\u00e3o de 213 milh\u00f5es de habitantes e extens\u00e3o territorial de 8.514.876 km2, naturalmente ser\u00e1 demorado&#8221;, afirma o desembargador.<\/em><\/p>\n<p><strong>Apenas vacinas aprovadas pela Anvisa<\/strong><\/p>\n<p>A autoriza\u00e7\u00e3o da Justi\u00e7a vale apenas para imunizantes que tenham obtido registro definitivo ou emergencial pela Anvisa: Butantan, Oxford, Pfizer e Janssen.<\/p>\n<p><em>&#8220;Bem por isso, n\u00e3o tem o menor cabimento falar-se em atentando \u00e0 &#8216;soberania nacional&#8217;, pois ningu\u00e9m ir\u00e1 se submeter a autoridade estrangeira. O Sindicato pede para importar s\u00f3 as vacinas aprovadas pela Anvisa. Portanto, ningu\u00e9m estar\u00e1 subtraindo as compet\u00eancias da autarquia&#8221;, esclarece o desembargador.<\/em><\/p>\n<p><strong>Contrapartidas<\/strong><\/p>\n<p>A decis\u00e3o prev\u00ea ainda que, em caso de eventuais efeitos adversos das vacinas, a responsabiliza\u00e7\u00e3o civil ser\u00e1 do pr\u00f3prio sindicato.<\/p>\n<p>A entidade dever\u00e1, ainda, prestar contas \u00e0 Anvisa e \u00e0 Uni\u00e3o sobre a quantidade comprada, o n\u00famero de doses aplicadas e o que sobrar. O restante dever\u00e1 ser doado ao MInist\u00e9rio da Sa\u00fade em at\u00e9 cinco dias \u00fateis ap\u00f3s o fim da imuniza\u00e7\u00e3o dos filiados e seus parentes. O custo da conserva\u00e7\u00e3o e do transporte dos imunizantes \u00e9 de responsabilidade do Sindicato.<\/p>\n<p>Em caso de descumprimento, a multa \u00e9 de R$ 1 milh\u00e3o.<\/p>\n<p>Fonte: CNN Brasil<\/p>\n","protected":false},"excerpt":{"rendered":"<p>O mesmo pedido de liminar havia sido negado pela 6\u00aa Vara Federal de Campinas; nesta segunda-feira (5), no entanto, o TRF-3 autorizou a compra O&#8230;<\/p>\n","protected":false},"author":1182,"featured_media":30124,"comment_status":"closed","ping_status":"closed","sticky":false,"template":"","format":"standard","meta":{"footnotes":""},"categories":[6],"tags":[375,2752,2751,4337,325,2976,374,674],"class_list":["post-34519","post","type-post","status-publish","format-standard","has-post-thumbnail","hentry","category-noticias","tag-compra","tag-coronavirus","tag-covid-19","tag-funcionario","tag-liberacao","tag-pedido","tag-sindicato","tag-vacina"],"_links":{"self":[{"href":"https:\/\/www.sincomam.org.br\/index.php\/wp-json\/wp\/v2\/posts\/34519","targetHints":{"allow":["GET"]}}],"collection":[{"href":"https:\/\/www.sincomam.org.br\/index.php\/wp-json\/wp\/v2\/posts"}],"about":[{"href":"https:\/\/www.sincomam.org.br\/index.php\/wp-json\/wp\/v2\/types\/post"}],"author":[{"embeddable":true,"href":"https:\/\/www.sincomam.org.br\/index.php\/wp-json\/wp\/v2\/users\/1182"}],"replies":[{"embeddable":true,"href":"https:\/\/www.sincomam.org.br\/index.php\/wp-json\/wp\/v2\/comments?post=34519"}],"version-history":[{"count":1,"href":"https:\/\/www.sincomam.org.br\/index.php\/wp-json\/wp\/v2\/posts\/34519\/revisions"}],"predecessor-version":[{"id":34520,"href":"https:\/\/www.sincomam.org.br\/index.php\/wp-json\/wp\/v2\/posts\/34519\/revisions\/34520"}],"wp:featuredmedia":[{"embeddable":true,"href":"https:\/\/www.sincomam.org.br\/index.php\/wp-json\/wp\/v2\/media\/30124"}],"wp:attachment":[{"href":"https:\/\/www.sincomam.org.br\/index.php\/wp-json\/wp\/v2\/media?parent=34519"}],"wp:term":[{"taxonomy":"category","embeddable":true,"href":"https:\/\/www.sincomam.org.br\/index.php\/wp-json\/wp\/v2\/categories?post=34519"},{"taxonomy":"post_tag","embeddable":true,"href":"https:\/\/www.sincomam.org.br\/index.php\/wp-json\/wp\/v2\/tags?post=34519"}],"curies":[{"name":"wp","href":"https:\/\/api.w.org\/{rel}","templated":true}]}}