{"id":34485,"date":"2021-04-05T08:00:01","date_gmt":"2021-04-05T11:00:01","guid":{"rendered":"http:\/\/www.sincomam.org.br\/?p=34485"},"modified":"2021-04-03T11:27:59","modified_gmt":"2021-04-03T14:27:59","slug":"consulta-sobre-o-novo-auxilio-emergencial-esta-liberada","status":"publish","type":"post","link":"https:\/\/www.sincomam.org.br\/index.php\/consulta-sobre-o-novo-auxilio-emergencial-esta-liberada\/","title":{"rendered":"Consulta sobre o novo aux\u00edlio emergencial est\u00e1 liberada"},"content":{"rendered":"<p><strong><em>Site da Dataprev informar\u00e1 se trabalhador tem direito ao benef\u00edcio<\/em><\/strong><\/p>\n<p>Os Trabalhadores brasileiros j\u00e1 podem saber se foram inclu\u00eddos no aux\u00edlio emergencial 2021. Inicialmente prometida para \u00faltima quinta-feira (1\u00ba), a consulta teve de ser adiada \u201cem fun\u00e7\u00e3o da necessidade de alinhamento dos canais de atendimento dos tr\u00eas \u00f3rg\u00e3os diretamente envolvidos no programa &#8211; o Minist\u00e9rio da Cidadania, a Dataprev e a Caixa\u201d, explicou a Dataprev, em nota.<\/p>\n<p>A consulta poder\u00e1 ser feita pelo Portal de Consultas da Dataprev. Para isso, o cidad\u00e3o dever\u00e1 informar CPF, nome completo, nome da m\u00e3e e data de nascimento.<\/p>\n<p>Quem j\u00e1 recebe o Bolsa Fam\u00edlia e inscritos no Cad\u00danico n\u00e3o estar\u00e3o na lista da Dataprev j\u00e1 que, nesses casos, as parcelas ser\u00e3o depositadas automaticamente &#8211; desde que o benefici\u00e1rio se encaixe nos crit\u00e9rios de elegibilidade do aux\u00edlio.<\/p>\n<p><strong>Dep\u00f3sitos<\/strong><\/p>\n<p>Segundo calend\u00e1rio divulgado pela Caixa, os pagamentos come\u00e7am no dia 6 de abril para os trabalhadores que fazem parte do Cadastro \u00danico e para os que se inscreveram por meio do site e do aplicativo Caixa Tem. Os dep\u00f3sitos ser\u00e3o feitos na conta poupan\u00e7a digital da Caixa, acessada pelo aplicativo Caixa Tem. O benefici\u00e1rio do aux\u00edlio emergencial ter\u00e1 direito, primeiramente, \u00e0 movimenta\u00e7\u00e3o digital e, posteriormente, aos saques.<\/p>\n<p>Para os benefici\u00e1rios do Bolsa Fam\u00edlia, os pagamentos come\u00e7am em 16 de abril e seguir\u00e3o o calend\u00e1rio de pagamento do benef\u00edcio.<\/p>\n<p>Em 2021, ser\u00e3o pagos R$ 43 bilh\u00f5es a 45,6 milh\u00f5es de brasileiros que atendem aos requisitos exigidos. Do montante, R$ 23,4 bilh\u00f5es ser\u00e3o destinados ao p\u00fablico j\u00e1 inscrito em plataformas digitais da Caixa (28,6 milh\u00f5es de benefici\u00e1rios), R$ 6,5 bilh\u00f5es para integrantes do Cadastro \u00danico do Governo Federal (6,3 milh\u00f5es) e mais R$ 12,7 bilh\u00f5es para atendidos pelo Programa Bolsa Fam\u00edlia (10,6 milh\u00f5es).<\/p>\n<p><strong>Crit\u00e9rios<\/strong><\/p>\n<p>Para conceder as quatro parcelas do aux\u00edlio emergencial este ano o governo definiu novas faixas de pagamento:<\/p>\n<p>&#8211; Mulheres chefes de fam\u00edlia: R$ 375<\/p>\n<p>&#8211; Fam\u00edlias com duas ou mais pessoas, exceto aquelas com m\u00e3es chefes de fam\u00edlia: R$ 250<\/p>\n<p>&#8211; Aux\u00edlio para pessoas que moram sozinhas: R$ 150<\/p>\n<p><strong>Quem pode receber<\/strong><\/p>\n<p>&#8211; Fam\u00edlias com renda per capita de at\u00e9 meio sal\u00e1rio m\u00ednimo (R$ 550) e renda mensal total de at\u00e9 tr\u00eas sal\u00e1rios m\u00ednimos (R$ 3.300);<\/p>\n<p>&#8211; P\u00fablico do Bolsa Fam\u00edlia poder\u00e1 escolher o valor mais vantajoso entre os benef\u00edcios e receber somente um deles.<\/p>\n<p>&#8211; Trabalhadores informais;<\/p>\n<p>&#8211; Desempregados;<\/p>\n<p>&#8211; Microempreendedor Individual (MEI).<\/p>\n<p><strong>N\u00e3o podem receber o aux\u00edlio<\/strong><\/p>\n<p>&#8211; Trabalhadores com carteira assinada e servidores p\u00fablicos;<\/p>\n<p>&#8211; Pessoas que n\u00e3o movimentaram os valores do aux\u00edlio emergencial e sua extens\u00e3o em 2020;<\/p>\n<p>&#8211; Quem estiver com o aux\u00edlio do ano passado cancelado;<\/p>\n<p>&#8211; Cidad\u00e3os que recebem benef\u00edcio previdenci\u00e1rio, assistencial ou trabalhista ou de programa de transfer\u00eancia de renda federal, com exce\u00e7\u00e3o do Bolsa Fam\u00edlia e do PIS\/Pasep;<\/p>\n<p>&#8211; M\u00e9dicos e multiprofissionais;<\/p>\n<p>&#8211; Benefici\u00e1rios de bolsas de estudo, estagi\u00e1rios e similares;<\/p>\n<p>&#8211; Quem teve rendimentos tribut\u00e1veis acima de R$ 28.559,70 em 2019 ou tinha, em 31 de dezembro daquele ano, a posse ou a propriedade de bens ou direitos, inclusive terra nua, de valor total superior a R$ 300 mil;<\/p>\n<p>&#8211; Cidad\u00e3os com menos de 18 anos, exceto m\u00e3es adolescentes.<\/p>\n<p>&#8211; Quem estiver no sistema carcer\u00e1rio em regime fechado ou tenha seu CPF vinculado, como instituidor, \u00e0 concess\u00e3o de aux\u00edlio-reclus\u00e3o.<\/p>\n<p>Fonte: Ag\u00eancia Brasil<\/p>\n","protected":false},"excerpt":{"rendered":"<p>Site da Dataprev informar\u00e1 se trabalhador tem direito ao benef\u00edcio Os Trabalhadores brasileiros j\u00e1 podem saber se foram inclu\u00eddos no aux\u00edlio emergencial 2021. Inicialmente prometida&#8230;<\/p>\n","protected":false},"author":1182,"featured_media":31174,"comment_status":"closed","ping_status":"closed","sticky":false,"template":"","format":"standard","meta":{"footnotes":""},"categories":[6],"tags":[1757,390,3085,3165,432,325,204],"class_list":["post-34485","post","type-post","status-publish","format-standard","has-post-thumbnail","hentry","category-noticias","tag-auxilio","tag-caixa","tag-consulta","tag-dataprev","tag-emergencial","tag-liberacao","tag-pagamento"],"_links":{"self":[{"href":"https:\/\/www.sincomam.org.br\/index.php\/wp-json\/wp\/v2\/posts\/34485","targetHints":{"allow":["GET"]}}],"collection":[{"href":"https:\/\/www.sincomam.org.br\/index.php\/wp-json\/wp\/v2\/posts"}],"about":[{"href":"https:\/\/www.sincomam.org.br\/index.php\/wp-json\/wp\/v2\/types\/post"}],"author":[{"embeddable":true,"href":"https:\/\/www.sincomam.org.br\/index.php\/wp-json\/wp\/v2\/users\/1182"}],"replies":[{"embeddable":true,"href":"https:\/\/www.sincomam.org.br\/index.php\/wp-json\/wp\/v2\/comments?post=34485"}],"version-history":[{"count":1,"href":"https:\/\/www.sincomam.org.br\/index.php\/wp-json\/wp\/v2\/posts\/34485\/revisions"}],"predecessor-version":[{"id":34486,"href":"https:\/\/www.sincomam.org.br\/index.php\/wp-json\/wp\/v2\/posts\/34485\/revisions\/34486"}],"wp:featuredmedia":[{"embeddable":true,"href":"https:\/\/www.sincomam.org.br\/index.php\/wp-json\/wp\/v2\/media\/31174"}],"wp:attachment":[{"href":"https:\/\/www.sincomam.org.br\/index.php\/wp-json\/wp\/v2\/media?parent=34485"}],"wp:term":[{"taxonomy":"category","embeddable":true,"href":"https:\/\/www.sincomam.org.br\/index.php\/wp-json\/wp\/v2\/categories?post=34485"},{"taxonomy":"post_tag","embeddable":true,"href":"https:\/\/www.sincomam.org.br\/index.php\/wp-json\/wp\/v2\/tags?post=34485"}],"curies":[{"name":"wp","href":"https:\/\/api.w.org\/{rel}","templated":true}]}}