{"id":34470,"date":"2021-04-01T07:56:11","date_gmt":"2021-04-01T10:56:11","guid":{"rendered":"http:\/\/www.sincomam.org.br\/?p=34470"},"modified":"2021-04-01T07:56:11","modified_gmt":"2021-04-01T10:56:11","slug":"camara-aprova-prorrogacao-de-prazo-para-declaracao-do-imposto-de-renda","status":"publish","type":"post","link":"https:\/\/www.sincomam.org.br\/index.php\/camara-aprova-prorrogacao-de-prazo-para-declaracao-do-imposto-de-renda\/","title":{"rendered":"C\u00e2mara aprova prorroga\u00e7\u00e3o de prazo para declara\u00e7\u00e3o do Imposto de Renda"},"content":{"rendered":"<p><strong><em>Projeto de lei segue agora para o Senado<\/em><\/strong><\/p>\n<p>A C\u00e2mara dos Deputados aprovou a prorroga\u00e7\u00e3o do prazo para a entrega da declara\u00e7\u00e3o do Imposto de Renda de 2021. O Projeto de Lei (PL) 639\/21 prev\u00ea que a entrega deva ocorrer at\u00e9 o dia 31 de julho deste ano. O prazo atual, divulgado pela Receita Federal, vai at\u00e9 30 de abril. A proposta segue agora para an\u00e1lise do Senado.<\/p>\n<p>De acordo com o texto aprovado, um substitutivo do relator, deputado Marcos Aur\u00e9lio Sampaio (MDB-PI), o cronograma de restitui\u00e7\u00f5es n\u00e3o mudar\u00e1, com o primeiro lote sendo pago em 31 de maio. O texto autoriza ainda o pagamento da cota \u00fanica ou das cotas vencidas at\u00e9 31 de julho sem acr\u00e9scimo de juros ou penalidade de qualquer natureza.<\/p>\n<p>No ano passado, tamb\u00e9m houve a prorroga\u00e7\u00e3o do prazo para a entrega da declara\u00e7\u00e3o. A mudan\u00e7a, contudo, foi feita por meio de instru\u00e7\u00e3o normativa da Receita Federal, que passou o prazo final para 30 de junho. O cronograma de restitui\u00e7\u00e3o permaneceu o mesmo, fazendo com que o primeiro lote fosse liberado em 29 de maio, antes do prazo final de entrega.<\/p>\n<p>Fonte: Ag\u00eancia Brasil<\/p>\n","protected":false},"excerpt":{"rendered":"<p>Projeto de lei segue agora para o Senado A C\u00e2mara dos Deputados aprovou a prorroga\u00e7\u00e3o do prazo para a entrega da declara\u00e7\u00e3o do Imposto de&#8230;<\/p>\n","protected":false},"author":1182,"featured_media":34011,"comment_status":"closed","ping_status":"closed","sticky":false,"template":"","format":"standard","meta":{"footnotes":""},"categories":[6],"tags":[818,732,3219,546,203,852,1654],"class_list":["post-34470","post","type-post","status-publish","format-standard","has-post-thumbnail","hentry","category-noticias","tag-aprovacao","tag-camara","tag-cronograma","tag-declaracao","tag-imposto-de-renda","tag-prazo","tag-prorrogacao"],"_links":{"self":[{"href":"https:\/\/www.sincomam.org.br\/index.php\/wp-json\/wp\/v2\/posts\/34470","targetHints":{"allow":["GET"]}}],"collection":[{"href":"https:\/\/www.sincomam.org.br\/index.php\/wp-json\/wp\/v2\/posts"}],"about":[{"href":"https:\/\/www.sincomam.org.br\/index.php\/wp-json\/wp\/v2\/types\/post"}],"author":[{"embeddable":true,"href":"https:\/\/www.sincomam.org.br\/index.php\/wp-json\/wp\/v2\/users\/1182"}],"replies":[{"embeddable":true,"href":"https:\/\/www.sincomam.org.br\/index.php\/wp-json\/wp\/v2\/comments?post=34470"}],"version-history":[{"count":1,"href":"https:\/\/www.sincomam.org.br\/index.php\/wp-json\/wp\/v2\/posts\/34470\/revisions"}],"predecessor-version":[{"id":34471,"href":"https:\/\/www.sincomam.org.br\/index.php\/wp-json\/wp\/v2\/posts\/34470\/revisions\/34471"}],"wp:featuredmedia":[{"embeddable":true,"href":"https:\/\/www.sincomam.org.br\/index.php\/wp-json\/wp\/v2\/media\/34011"}],"wp:attachment":[{"href":"https:\/\/www.sincomam.org.br\/index.php\/wp-json\/wp\/v2\/media?parent=34470"}],"wp:term":[{"taxonomy":"category","embeddable":true,"href":"https:\/\/www.sincomam.org.br\/index.php\/wp-json\/wp\/v2\/categories?post=34470"},{"taxonomy":"post_tag","embeddable":true,"href":"https:\/\/www.sincomam.org.br\/index.php\/wp-json\/wp\/v2\/tags?post=34470"}],"curies":[{"name":"wp","href":"https:\/\/api.w.org\/{rel}","templated":true}]}}