{"id":34465,"date":"2021-04-01T07:43:21","date_gmt":"2021-04-01T10:43:21","guid":{"rendered":"http:\/\/www.sincomam.org.br\/?p=34465"},"modified":"2021-04-01T07:43:21","modified_gmt":"2021-04-01T10:43:21","slug":"ministro-da-defesa-anuncia-novos-comandantes-das-forcas-armadas","status":"publish","type":"post","link":"https:\/\/www.sincomam.org.br\/index.php\/ministro-da-defesa-anuncia-novos-comandantes-das-forcas-armadas\/","title":{"rendered":"Ministro da Defesa anuncia novos comandantes das For\u00e7as Armadas"},"content":{"rendered":"<p><strong><em>Oficiais-generais v\u00e3o liderar Ex\u00e9rcito, Marinha e Aeron\u00e1utica<\/em><\/strong><\/p>\n<p>O ministro da Defesa, Braga Netto, anunciou nesta quarta-feira (31) o nome dos tr\u00eas novos comandantes das For\u00e7as Armadas brasileiras (Ex\u00e9rcito, Marinha e Aeron\u00e1utica).<\/p>\n<p>Para o Ex\u00e9rcito, foi escolhido o nome do general Paulo S\u00e9rgio Nogueira de Oliveira, atual chefe do Departamento-Geral de Pessoal (DGP) da corpora\u00e7\u00e3o. Ele vai substituir o general Edson Pujol, que deixou o cargo ao lado dos outros comandantes das For\u00e7as nesta semana por decis\u00e3o do Presidente e do novo ministro da Defesa, em um gesto in\u00e9dito na hist\u00f3rica do pa\u00eds.<\/p>\n<p>Na Marinha, assume o almirante de esquadra Almir Garnier Santos, no lugar de Ilques Barbosa. Santos deixar\u00e1 o comando da secretaria-geral do Minist\u00e9rio da Defesa.<\/p>\n<p>J\u00e1 o escolhido para comandar a For\u00e7a A\u00e9rea Brasileira (FAB) \u00e9 o brigadeiro Carlos Alberto Batista J\u00fanior, atual comandante-geral de apoio (log\u00edstica) da corpora\u00e7\u00e3o. Ele substitui Ant\u00f4nio Carlos Moretti Bermudez.<\/p>\n<p>Em um breve pronunciamento para apresentar os novos comandantes, o ministro da Defesa falou sobre a atua\u00e7\u00e3o das For\u00e7as Armadas no combate a pandemia.<\/p>\n<p><em>&#8220;As For\u00e7as Armadas s\u00e3o fatores de integra\u00e7\u00e3o nacional e t\u00eam contribu\u00eddo diuturnamente nessa tarefa com a Opera\u00e7\u00e3o Covid-19 com in\u00fameras atividades&#8221;, destacou Braga Netto. Ele tamb\u00e9m afirmou os militares se manter\u00e3o fieis \u00e0 Constitui\u00e7\u00e3o Federal.<\/em><\/p>\n<p><em>&#8220;A Marinha do Brasil, o Ex\u00e9rcito Brasileiro e a For\u00e7a A\u00e9rea brasileira se mant\u00eam fi\u00e9is \u00e0s suas miss\u00f5es constitucionais de defender a p\u00e1tria, garantir os poderes constitucionais e as liberdades democr\u00e1ticas&#8221;.<\/em><\/p>\n<p>Fonte: Ag\u00eancia Brasil<\/p>\n<p>Foto: divulga\u00e7\u00e3o &#8211; MIn Defesa<\/p>\n","protected":false},"excerpt":{"rendered":"<p>Oficiais-generais v\u00e3o liderar Ex\u00e9rcito, Marinha e Aeron\u00e1utica O ministro da Defesa, Braga Netto, anunciou nesta quarta-feira (31) o nome dos tr\u00eas novos comandantes das For\u00e7as&#8230;<\/p>\n","protected":false},"author":1182,"featured_media":34466,"comment_status":"closed","ping_status":"closed","sticky":false,"template":"","format":"standard","meta":{"footnotes":""},"categories":[6],"tags":[4518,2660,3330,894,1013,4517,1193],"class_list":["post-34465","post","type-post","status-publish","format-standard","has-post-thumbnail","hentry","category-noticias","tag-comandantes","tag-exercito-brasileiro","tag-forca-aerea","tag-forcas-armadas","tag-marinha-do-brasil","tag-ministro-da-defesa","tag-troca"],"_links":{"self":[{"href":"https:\/\/www.sincomam.org.br\/index.php\/wp-json\/wp\/v2\/posts\/34465","targetHints":{"allow":["GET"]}}],"collection":[{"href":"https:\/\/www.sincomam.org.br\/index.php\/wp-json\/wp\/v2\/posts"}],"about":[{"href":"https:\/\/www.sincomam.org.br\/index.php\/wp-json\/wp\/v2\/types\/post"}],"author":[{"embeddable":true,"href":"https:\/\/www.sincomam.org.br\/index.php\/wp-json\/wp\/v2\/users\/1182"}],"replies":[{"embeddable":true,"href":"https:\/\/www.sincomam.org.br\/index.php\/wp-json\/wp\/v2\/comments?post=34465"}],"version-history":[{"count":1,"href":"https:\/\/www.sincomam.org.br\/index.php\/wp-json\/wp\/v2\/posts\/34465\/revisions"}],"predecessor-version":[{"id":34467,"href":"https:\/\/www.sincomam.org.br\/index.php\/wp-json\/wp\/v2\/posts\/34465\/revisions\/34467"}],"wp:featuredmedia":[{"embeddable":true,"href":"https:\/\/www.sincomam.org.br\/index.php\/wp-json\/wp\/v2\/media\/34466"}],"wp:attachment":[{"href":"https:\/\/www.sincomam.org.br\/index.php\/wp-json\/wp\/v2\/media?parent=34465"}],"wp:term":[{"taxonomy":"category","embeddable":true,"href":"https:\/\/www.sincomam.org.br\/index.php\/wp-json\/wp\/v2\/categories?post=34465"},{"taxonomy":"post_tag","embeddable":true,"href":"https:\/\/www.sincomam.org.br\/index.php\/wp-json\/wp\/v2\/tags?post=34465"}],"curies":[{"name":"wp","href":"https:\/\/api.w.org\/{rel}","templated":true}]}}