{"id":34453,"date":"2021-03-25T15:09:07","date_gmt":"2021-03-25T18:09:07","guid":{"rendered":"http:\/\/www.sincomam.org.br\/?p=34453"},"modified":"2021-03-25T15:09:57","modified_gmt":"2021-03-25T18:09:57","slug":"helicoptero-das-forcas-aereas-que-levava-doses-de-vacina-da-pfizer-cai-no-uruguai","status":"publish","type":"post","link":"https:\/\/www.sincomam.org.br\/index.php\/helicoptero-das-forcas-aereas-que-levava-doses-de-vacina-da-pfizer-cai-no-uruguai\/","title":{"rendered":"Helic\u00f3ptero das For\u00e7as A\u00e9reas que levava doses de vacina da Pfizer cai no Uruguai"},"content":{"rendered":"<p><strong><em>Aeronave que levava 186 doses de vacinas caiu e pegou fogo. Os tr\u00eas tripulantes tiveram traumatismo<\/em><\/strong><\/p>\n<p>Um helic\u00f3ptero das For\u00e7as A\u00e9reas do Uruguai que levava vacinas da Pfizer contra o coronav\u00edrus caiu nesta quinta-feira (25). Nenhum dos tripulantes ou passageiros morreu. As doses tinham como destino as cidades de Rocha e Chuy (essa \u00faltima fica na fronteira com o Brasil).<\/p>\n<p>O helic\u00f3ptero, um Bell 212, teve uma falha mec\u00e2nica, que obrigou o piloto a fazer uma aterrisagem de emerg\u00eancia, de acordo com uma declara\u00e7\u00e3o do diretor de Sa\u00fade de Rocha reproduzida na m\u00eddia uruguaia.<\/p>\n<p>Ao pousar, o helic\u00f3ptero pegou fogo. Havia tr\u00eas tripulantes, e todos eles tiveram traumatismos leves, de acordo com as For\u00e7as A\u00e9reas do pa\u00eds.<\/p>\n<p>De acordo com o jornal &#8220;El Pa\u00eds&#8221;, eram levadas 186 ampolas de vacinas. Outras doses j\u00e1 foram enviadas, disse o diretor de Sa\u00fade de Rocha.<\/p>\n<p>As doses da Pfizer tinham chegado ao Uruguai na noite de quarta-feira. O pa\u00eds j\u00e1 aplicou cerca de 377 mil doses. \u00c9 o equivalente a 10.9% da popula\u00e7\u00e3o.<\/p>\n<p>Fonte: G1 Mundo<\/p>\n<p>Foto: divulga\u00e7\u00e3o Pfizer<\/p>\n","protected":false},"excerpt":{"rendered":"<p>Aeronave que levava 186 doses de vacinas caiu e pegou fogo. Os tr\u00eas tripulantes tiveram traumatismo Um helic\u00f3ptero das For\u00e7as A\u00e9reas do Uruguai que levava&#8230;<\/p>\n","protected":false},"author":1182,"featured_media":34454,"comment_status":"closed","ping_status":"closed","sticky":false,"template":"","format":"standard","meta":{"footnotes":""},"categories":[6],"tags":[2752,2751,4446,4513,3539,115,4045,1051,2808,647,674],"class_list":["post-34453","post","type-post","status-publish","format-standard","has-post-thumbnail","hentry","category-noticias","tag-coronavirus","tag-covid-19","tag-doses","tag-forcas-aereas","tag-helicoptero","tag-incendio","tag-pfizer","tag-queda","tag-tripulacao","tag-uruguai","tag-vacina"],"_links":{"self":[{"href":"https:\/\/www.sincomam.org.br\/index.php\/wp-json\/wp\/v2\/posts\/34453","targetHints":{"allow":["GET"]}}],"collection":[{"href":"https:\/\/www.sincomam.org.br\/index.php\/wp-json\/wp\/v2\/posts"}],"about":[{"href":"https:\/\/www.sincomam.org.br\/index.php\/wp-json\/wp\/v2\/types\/post"}],"author":[{"embeddable":true,"href":"https:\/\/www.sincomam.org.br\/index.php\/wp-json\/wp\/v2\/users\/1182"}],"replies":[{"embeddable":true,"href":"https:\/\/www.sincomam.org.br\/index.php\/wp-json\/wp\/v2\/comments?post=34453"}],"version-history":[{"count":1,"href":"https:\/\/www.sincomam.org.br\/index.php\/wp-json\/wp\/v2\/posts\/34453\/revisions"}],"predecessor-version":[{"id":34455,"href":"https:\/\/www.sincomam.org.br\/index.php\/wp-json\/wp\/v2\/posts\/34453\/revisions\/34455"}],"wp:featuredmedia":[{"embeddable":true,"href":"https:\/\/www.sincomam.org.br\/index.php\/wp-json\/wp\/v2\/media\/34454"}],"wp:attachment":[{"href":"https:\/\/www.sincomam.org.br\/index.php\/wp-json\/wp\/v2\/media?parent=34453"}],"wp:term":[{"taxonomy":"category","embeddable":true,"href":"https:\/\/www.sincomam.org.br\/index.php\/wp-json\/wp\/v2\/categories?post=34453"},{"taxonomy":"post_tag","embeddable":true,"href":"https:\/\/www.sincomam.org.br\/index.php\/wp-json\/wp\/v2\/tags?post=34453"}],"curies":[{"name":"wp","href":"https:\/\/api.w.org\/{rel}","templated":true}]}}