{"id":34447,"date":"2021-03-25T08:05:55","date_gmt":"2021-03-25T11:05:55","guid":{"rendered":"http:\/\/www.sincomam.org.br\/?p=34447"},"modified":"2021-03-25T13:08:58","modified_gmt":"2021-03-25T16:08:58","slug":"quatro-de-oito-diretores-da-petrobras-pedem-para-deixar-estatal","status":"publish","type":"post","link":"https:\/\/www.sincomam.org.br\/index.php\/quatro-de-oito-diretores-da-petrobras-pedem-para-deixar-estatal\/","title":{"rendered":"Quatro de oito diretores da Petrobras pedem para deixar estatal"},"content":{"rendered":"<p><em><strong>Eles ficar\u00e3o na companhia interinamente at\u00e9 o futuro presidente indicar substitutos. Estatal se desfaz de 1\u00aa das oito refinarias \u00e0 venda<\/strong><\/em><\/p>\n<p>A Petrobras disse que quatro dos oito diretores informaram que n\u00e3o t\u00eam interesse em renovar seus mandatos, que foram encerrados no \u00faltimo dia 20 de mar\u00e7o. A sa\u00edda j\u00e1 era prevista desde que o presidente Jair Bolsonaro demitiu Roberto Castello Branco do cargo de presidente da estatal.<\/p>\n<p>Andrea Almeida, da \u00e1rea Financeira e de Relacionamento com Investidores, Andr\u00e9 Chiarini, de Comercializa\u00e7\u00e3o e Log\u00edstica, Carlos Alberto Pereira de Oliveira, de Explora\u00e7\u00e3o e Produ\u00e7\u00e3o, e Rudimar Lorenzatto, de Desenvolvimento da Produ\u00e7\u00e3o, continuar\u00e3o na empresa apenas de forma interina at\u00e9 o novo presidente da estatal, o general Joaquim Silva e Luna, indicar os substitutos.<\/p>\n<p><em>&#8220;Os mandatos da Diretoria Executiva foram encerrados no dia 20 de mar\u00e7o, encontrando-se o prazo de gest\u00e3o estendido at\u00e9 a investidura de novos Diretores Executivos&#8221;, disse a estatal.<\/em><\/p>\n<p>Para assumir a presid\u00eancia da estatal, o nome do general precisa passar pelo aval dos acionistas em uma assembleia geral extraordin\u00e1ria, marcada para o dia 12 de abril. At\u00e9 l\u00e1, Castello Branco e os diretores devem continuar de forma interina nos cargos.<\/p>\n<p>A demiss\u00e3o de Castello Branco gerou uma mudan\u00e7a no Conselho de Administra\u00e7\u00e3o da estatal. H\u00e1 duas semanas, parte dos conselheiros anunciou que n\u00e3o iria permanecer na estatal, o que levou a Uni\u00e3o a indicar novos nomes para o Conselho.<\/p>\n<p>A mudan\u00e7a envolvendo a dire\u00e7\u00e3o da Petrobras ocorreu por conta do aumento de pre\u00e7os praticada pela estatal. No ano, os pre\u00e7os acumulam alta superior a 40%. Esse movimento desagradou Bolsonaro e ocorreu em meio \u00e0s press\u00f5es de uma greve dos caminhoneiros.<\/p>\n<p>Ap\u00f3s ser aprovado em assembleia como conselheiro, o nome do general ser\u00e1 alvo de uma vota\u00e7\u00e3o pelo Conselho de Administra\u00e7\u00e3o da estatal para que ele assuma a presid\u00eancia da Petrobras.<\/p>\n<p>A indica\u00e7\u00e3o de Silva e Luna j\u00e1 \u00e9 alvo de um processo na Comiss\u00e3o de Valores Mobili\u00e1rios (CVM), que ontem anunciou que conduz quatro processos envolvendo a interfer\u00eancia de Bolsonaro na estatal.<\/p>\n<p>No dia 01 de mar\u00e7o, a CVM abriu processo contra a estatal para verificar &#8220;o enquadramento do curr\u00edculo do General Silva e Luna aos requisitos previstos na Lei das Estatais, para sua investidura no cargo de presidente da companhia&#8221;.<\/p>\n<p>Fonte: O Globo<\/p>\n","protected":false},"excerpt":{"rendered":"<p>Eles ficar\u00e3o na companhia interinamente at\u00e9 o futuro presidente indicar substitutos. Estatal se desfaz de 1\u00aa das oito refinarias \u00e0 venda A Petrobras disse que&#8230;<\/p>\n","protected":false},"author":1182,"featured_media":30286,"comment_status":"closed","ping_status":"closed","sticky":false,"template":"","format":"standard","meta":{"footnotes":""},"categories":[6],"tags":[1502,1092,58,314,108,71],"class_list":["post-34447","post","type-post","status-publish","format-standard","has-post-thumbnail","hentry","category-noticias","tag-demissao","tag-diretoria","tag-petrobras","tag-presidente","tag-refinaria","tag-venda"],"_links":{"self":[{"href":"https:\/\/www.sincomam.org.br\/index.php\/wp-json\/wp\/v2\/posts\/34447","targetHints":{"allow":["GET"]}}],"collection":[{"href":"https:\/\/www.sincomam.org.br\/index.php\/wp-json\/wp\/v2\/posts"}],"about":[{"href":"https:\/\/www.sincomam.org.br\/index.php\/wp-json\/wp\/v2\/types\/post"}],"author":[{"embeddable":true,"href":"https:\/\/www.sincomam.org.br\/index.php\/wp-json\/wp\/v2\/users\/1182"}],"replies":[{"embeddable":true,"href":"https:\/\/www.sincomam.org.br\/index.php\/wp-json\/wp\/v2\/comments?post=34447"}],"version-history":[{"count":1,"href":"https:\/\/www.sincomam.org.br\/index.php\/wp-json\/wp\/v2\/posts\/34447\/revisions"}],"predecessor-version":[{"id":34448,"href":"https:\/\/www.sincomam.org.br\/index.php\/wp-json\/wp\/v2\/posts\/34447\/revisions\/34448"}],"wp:featuredmedia":[{"embeddable":true,"href":"https:\/\/www.sincomam.org.br\/index.php\/wp-json\/wp\/v2\/media\/30286"}],"wp:attachment":[{"href":"https:\/\/www.sincomam.org.br\/index.php\/wp-json\/wp\/v2\/media?parent=34447"}],"wp:term":[{"taxonomy":"category","embeddable":true,"href":"https:\/\/www.sincomam.org.br\/index.php\/wp-json\/wp\/v2\/categories?post=34447"},{"taxonomy":"post_tag","embeddable":true,"href":"https:\/\/www.sincomam.org.br\/index.php\/wp-json\/wp\/v2\/tags?post=34447"}],"curies":[{"name":"wp","href":"https:\/\/api.w.org\/{rel}","templated":true}]}}