{"id":34439,"date":"2021-04-01T07:00:23","date_gmt":"2021-04-01T10:00:23","guid":{"rendered":"http:\/\/www.sincomam.org.br\/?p=34439"},"modified":"2021-04-01T07:47:17","modified_gmt":"2021-04-01T10:47:17","slug":"aviso-sincomam-comunica-sobre-o-decreto-no-rio-de-janeiro","status":"publish","type":"post","link":"https:\/\/www.sincomam.org.br\/index.php\/aviso-sincomam-comunica-sobre-o-decreto-no-rio-de-janeiro\/","title":{"rendered":"AVISO: SINCOMAM comunica sobre o decreto no Rio de Janeiro"},"content":{"rendered":"<p>Prezados (as) companheiros (as),<\/p>\n<p>O SINCOMAM informa que em cumprimento ao decreto da Prefeitura do Rio de Janeiro, n\u00b0 48644 de 22 de mar\u00e7o, que visa o combate ao avan\u00e7o do Covid-19, o Sindicato ficar\u00e1 fechado entre os dias 26 de mar\u00e7o a 4 de abril de 2021.<\/p>\n<p>Informamos que n\u00e3o \u00e9 \u2018lockdown\u2019, o decreto\u00a0define as novas restri\u00e7\u00f5es para\u00a0o recesso prolongado.<\/p>\n<p>Retornaremos com funcionamento normal no dia 05\/04\/2021.<\/p>\n<p>Obrigada pela compreens\u00e3o.<\/p>\n<p style=\"text-align: center;\">A Diretoria<\/p>\n<p><strong>Mais informa\u00e7\u00f5es acesse: <a href=\"https:\/\/www.sincomam.org.br\/index.php\/circulares-e-comunicados\/\" target=\"_blank\" rel=\"noopener noreferrer\">Circulares e Comunicados<\/a><\/strong><\/p>\n<p>&nbsp;<\/p>\n<p>&nbsp;<\/p>\n","protected":false},"excerpt":{"rendered":"<p>Prezados (as) companheiros (as), O SINCOMAM informa que em cumprimento ao decreto da Prefeitura do Rio de Janeiro, n\u00b0 48644 de 22 de mar\u00e7o, que&#8230;<\/p>\n","protected":false},"author":1182,"featured_media":34442,"comment_status":"closed","ping_status":"closed","sticky":false,"template":"","format":"standard","meta":{"footnotes":""},"categories":[6],"tags":[1022,2840,2752,2751,1597,1078,271,2755,59,17],"class_list":["post-34439","post","type-post","status-publish","format-standard","has-post-thumbnail","hentry","category-noticias","tag-aviso","tag-combate","tag-coronavirus","tag-covid-19","tag-decreto","tag-fechamento","tag-funcionamento","tag-pandemia","tag-rio-de-janeiro","tag-sincomam"],"_links":{"self":[{"href":"https:\/\/www.sincomam.org.br\/index.php\/wp-json\/wp\/v2\/posts\/34439","targetHints":{"allow":["GET"]}}],"collection":[{"href":"https:\/\/www.sincomam.org.br\/index.php\/wp-json\/wp\/v2\/posts"}],"about":[{"href":"https:\/\/www.sincomam.org.br\/index.php\/wp-json\/wp\/v2\/types\/post"}],"author":[{"embeddable":true,"href":"https:\/\/www.sincomam.org.br\/index.php\/wp-json\/wp\/v2\/users\/1182"}],"replies":[{"embeddable":true,"href":"https:\/\/www.sincomam.org.br\/index.php\/wp-json\/wp\/v2\/comments?post=34439"}],"version-history":[{"count":3,"href":"https:\/\/www.sincomam.org.br\/index.php\/wp-json\/wp\/v2\/posts\/34439\/revisions"}],"predecessor-version":[{"id":34444,"href":"https:\/\/www.sincomam.org.br\/index.php\/wp-json\/wp\/v2\/posts\/34439\/revisions\/34444"}],"wp:featuredmedia":[{"embeddable":true,"href":"https:\/\/www.sincomam.org.br\/index.php\/wp-json\/wp\/v2\/media\/34442"}],"wp:attachment":[{"href":"https:\/\/www.sincomam.org.br\/index.php\/wp-json\/wp\/v2\/media?parent=34439"}],"wp:term":[{"taxonomy":"category","embeddable":true,"href":"https:\/\/www.sincomam.org.br\/index.php\/wp-json\/wp\/v2\/categories?post=34439"},{"taxonomy":"post_tag","embeddable":true,"href":"https:\/\/www.sincomam.org.br\/index.php\/wp-json\/wp\/v2\/tags?post=34439"}],"curies":[{"name":"wp","href":"https:\/\/api.w.org\/{rel}","templated":true}]}}