{"id":34421,"date":"2021-03-24T09:30:39","date_gmt":"2021-03-24T12:30:39","guid":{"rendered":"http:\/\/www.sincomam.org.br\/?p=34421"},"modified":"2021-03-26T08:34:58","modified_gmt":"2021-03-26T11:34:58","slug":"mortes-por-covid-19-no-brasil-passam-de-300-mil","status":"publish","type":"post","link":"https:\/\/www.sincomam.org.br\/index.php\/mortes-por-covid-19-no-brasil-passam-de-300-mil\/","title":{"rendered":"Mortes por Covid-19 no Brasil passam de 300 mil"},"content":{"rendered":"<p><strong><em>N\u00famero de \u00f3bitos nas \u00faltimas 24 horas ficou em 2 mil<\/em><\/strong><\/p>\n<p>O Brasil bateu nesta quarta-feira (24) a marca das 300 mil mortes por Covid-19, segundo informa\u00e7\u00f5es do \u00faltimo boletim do Minist\u00e9rio da Sa\u00fade. Com 2.009 mil mortes nas \u00faltimas 24 horas, o total de vidas perdidas para a covid-19 totalizou 300.685. O n\u00famero n\u00e3o inclui os \u00f3bitos ocorridos no Cear\u00e1, que alegou problemas t\u00e9cnicos para n\u00e3o enviar a atualiza\u00e7\u00e3o.<\/p>\n<p>Ainda h\u00e1 3.446 mortes em investiga\u00e7\u00e3o por equipes de sa\u00fade. Isso porque h\u00e1 casos em que o diagn\u00f3stico sobre a causa s\u00f3 sai ap\u00f3s o \u00f3bito do paciente.<\/p>\n<p>O total de novos casos registrados nas \u00faltimas 24 horas foi de 89.992. Com isso, a soma de pessoas atingidas pela doen\u00e7a desde o in\u00edcio da pandemia alcan\u00e7ou 12.220.011. O n\u00famero de pessoas recuperadas chegou a 10.689.646, e o de pacientes com casos ativos, em acompanhamento por equipes de sa\u00fade, ficou em 1.229.680.<\/p>\n<p>Os dados em geral s\u00e3o mais baixos aos domingos e segundas-feiras pela menor quantidade de trabalhadores para fazer os novos registros de casos e mortes. J\u00e1 \u00e0s ter\u00e7as-feiras, a tend\u00eancia \u00e9 serem maiores, j\u00e1 que nesse dia o balan\u00e7o recebe o ac\u00famulo das informa\u00e7\u00f5es n\u00e3o processadas no fim de semana.<\/p>\n<p><strong>Estados<\/strong><\/p>\n<p>O ranking de estados com mais mortes pela covid-19 \u00e9 liderado por S\u00e3o Paulo, com 68.904 registros. Em seguida, aparecem Rio de Janeiro (35.373), Minas Gerais (22.497), Rio Grande do Sul (17.748) e Paran\u00e1 (14.454).<\/p>\n<p>J\u00e1 as unidades da federa\u00e7\u00e3o com menos \u00f3bitos s\u00e3o Acre (1.210), Amap\u00e1 (1.253), Roraima (1.301), Tocantins (1.860) e Sergipe (3.347).<\/p>\n<p><strong>Vacina Janssen<\/strong><\/p>\n<p>A Ag\u00eancia Nacional de Vigil\u00e2ncia Sanit\u00e1ria (Anvisa) informou que recebeu ontem (24) o pedido de uso emergencial da vacina da Janssen. O governo brasileiro j\u00e1 manifestou inten\u00e7\u00e3o de compra de 38 milh\u00f5es de doses da vacina Janssen, que \u00e9 um bra\u00e7o farmac\u00eautico da Johnson &amp; Johnson. A entrega dessas doses tem uma previs\u00e3o inicial no final do ano, sem data espec\u00edfica.<\/p>\n<p>Segundo a Anvisa, as primeiras 24 horas ser\u00e3o utilizadas para verificar se os documentos necess\u00e1rios est\u00e3o dispon\u00edveis. A an\u00e1lise do pedido de uso emergencial \u00e9 feita por uma equipe multidisciplinar, com especialistas das \u00e1reas de registro, monitoramento e inspe\u00e7\u00e3o. \u201cA equipe vem atuando de forma integrada, com as a\u00e7\u00f5es otimizadas e acompanhadas pela comiss\u00e3o que envolve tr\u00eas diretorias da ag\u00eancia\u201d, afirmou a Anvisa.<\/p>\n<p>Fonte: Ag\u00eancia Brasil<\/p>\n","protected":false},"excerpt":{"rendered":"<p>N\u00famero de \u00f3bitos nas \u00faltimas 24 horas ficou em 2 mil O Brasil bateu nesta quarta-feira (24) a marca das 300 mil mortes por Covid-19,&#8230;<\/p>\n","protected":false},"author":1182,"featured_media":28629,"comment_status":"closed","ping_status":"closed","sticky":false,"template":"","format":"standard","meta":{"footnotes":""},"categories":[6],"tags":[1705,61,2778,2752,2751,3269,4507,3569,1005,674],"class_list":["post-34421","post","type-post","status-publish","format-standard","has-post-thumbnail","hentry","category-noticias","tag-anvisa","tag-brasil","tag-casos","tag-coronavirus","tag-covid-19","tag-infeccao","tag-janssen","tag-ministerio-da-saude","tag-mortes","tag-vacina"],"_links":{"self":[{"href":"https:\/\/www.sincomam.org.br\/index.php\/wp-json\/wp\/v2\/posts\/34421","targetHints":{"allow":["GET"]}}],"collection":[{"href":"https:\/\/www.sincomam.org.br\/index.php\/wp-json\/wp\/v2\/posts"}],"about":[{"href":"https:\/\/www.sincomam.org.br\/index.php\/wp-json\/wp\/v2\/types\/post"}],"author":[{"embeddable":true,"href":"https:\/\/www.sincomam.org.br\/index.php\/wp-json\/wp\/v2\/users\/1182"}],"replies":[{"embeddable":true,"href":"https:\/\/www.sincomam.org.br\/index.php\/wp-json\/wp\/v2\/comments?post=34421"}],"version-history":[{"count":3,"href":"https:\/\/www.sincomam.org.br\/index.php\/wp-json\/wp\/v2\/posts\/34421\/revisions"}],"predecessor-version":[{"id":34424,"href":"https:\/\/www.sincomam.org.br\/index.php\/wp-json\/wp\/v2\/posts\/34421\/revisions\/34424"}],"wp:featuredmedia":[{"embeddable":true,"href":"https:\/\/www.sincomam.org.br\/index.php\/wp-json\/wp\/v2\/media\/28629"}],"wp:attachment":[{"href":"https:\/\/www.sincomam.org.br\/index.php\/wp-json\/wp\/v2\/media?parent=34421"}],"wp:term":[{"taxonomy":"category","embeddable":true,"href":"https:\/\/www.sincomam.org.br\/index.php\/wp-json\/wp\/v2\/categories?post=34421"},{"taxonomy":"post_tag","embeddable":true,"href":"https:\/\/www.sincomam.org.br\/index.php\/wp-json\/wp\/v2\/tags?post=34421"}],"curies":[{"name":"wp","href":"https:\/\/api.w.org\/{rel}","templated":true}]}}