{"id":34411,"date":"2021-03-24T12:12:47","date_gmt":"2021-03-24T15:12:47","guid":{"rendered":"http:\/\/www.sincomam.org.br\/?p=34411"},"modified":"2021-03-24T12:12:47","modified_gmt":"2021-03-24T15:12:47","slug":"diretor-geral-da-antaq-destaca-previsao-de-18-leiloes-portuarios-para-2021","status":"publish","type":"post","link":"https:\/\/www.sincomam.org.br\/index.php\/diretor-geral-da-antaq-destaca-previsao-de-18-leiloes-portuarios-para-2021\/","title":{"rendered":"Diretor-geral da ANTAQ destaca previs\u00e3o de 18 leil\u00f5es portu\u00e1rios para 2021"},"content":{"rendered":"<p><strong><em>Eduardo Nery participou nesta segunda-feira (22) de evento virtual organizado pela OAB<\/em><\/strong><\/p>\n<p>Est\u00e3o previstos 18 leil\u00f5es portu\u00e1rios para 2021 com investimentos totais de R$ 4 bilh\u00f5es. O destaque foi do diretor-geral da ANTAQ, Eduardo Nery, que participou do evento virtual &#8220;Transporte Multimodal de Cargas no Brasil&#8221;, organizado pela Comiss\u00e3o Especial de Direito Mar\u00edtimo e Portu\u00e1rio da Ordem dos Advogados do Brasil (OAB).<\/p>\n<p>Nery ressaltou que as licita\u00e7\u00f5es s\u00e3o fundamentais para incrementar a infraestrutura portu\u00e1ria, que \u00e9 importante para a multimodalidade do pa\u00eds. \u201cNo dia 9 de abril, haver\u00e1 cinco leil\u00f5es portu\u00e1rios\u201d, destacou o diretor-geral, referindo-se \u00e0s licita\u00e7\u00f5es de quatro \u00e1reas no Porto de Itaqui para movimenta\u00e7\u00e3o de combust\u00edveis; e uma no Porto de Pelotas (RS) para carga geral, especialmente madeira. Juntos, os investimentos alcan\u00e7ar\u00e3o cerca de R$ 610 milh\u00f5es.<\/p>\n<p>Para o diretor-geral, melhorar a infraestrutura portu\u00e1ria \u00e9 fundamental, pois a movimenta\u00e7\u00e3o de cargas nos portos organizados e nos terminais autorizados e arrendados est\u00e1 com vi\u00e9s de alta. Em 2020, os n\u00fameros foram positivos, crescimento de 4% em rela\u00e7\u00e3o a 2019. Al\u00e9m disso, a Ag\u00eancia divulgou uma proje\u00e7\u00e3o de mais um crescimento de 4% na movimenta\u00e7\u00e3o de cargas para 2021.<\/p>\n<p><strong>Planejamento Integrado<\/strong><\/p>\n<p>Nery afirmou tamb\u00e9m que a quest\u00e3o da multimodalidade envolve mais do que uma pasta ministerial, entre elas o Minist\u00e9rio da Infraestrutura e o Minist\u00e9rio da Economia. O diretor defendeu ainda o BR do Mar, programa do Governo Federal que tem como objetivo aumentar a oferta da cabotagem, incentivar a concorr\u00eancia, criar novas rotas e reduzir custos. O projeto de lei est\u00e1 prestes a ser votado no Congresso Nacional. O diretor-geral destacou tamb\u00e9m a import\u00e2ncia das hidrovias e o potencial do pa\u00eds na navega\u00e7\u00e3o interior.<\/p>\n<p>Fonte: Antaq<\/p>\n","protected":false},"excerpt":{"rendered":"<p>Eduardo Nery participou nesta segunda-feira (22) de evento virtual organizado pela OAB Est\u00e3o previstos 18 leil\u00f5es portu\u00e1rios para 2021 com investimentos totais de R$ 4&#8230;<\/p>\n","protected":false},"author":1182,"featured_media":32326,"comment_status":"closed","ping_status":"closed","sticky":false,"template":"","format":"standard","meta":{"footnotes":""},"categories":[6],"tags":[301,3983,1895,69],"class_list":["post-34411","post","type-post","status-publish","format-standard","has-post-thumbnail","hentry","category-noticias","tag-antaq","tag-eduardo-nery","tag-leiloes","tag-portos"],"_links":{"self":[{"href":"https:\/\/www.sincomam.org.br\/index.php\/wp-json\/wp\/v2\/posts\/34411","targetHints":{"allow":["GET"]}}],"collection":[{"href":"https:\/\/www.sincomam.org.br\/index.php\/wp-json\/wp\/v2\/posts"}],"about":[{"href":"https:\/\/www.sincomam.org.br\/index.php\/wp-json\/wp\/v2\/types\/post"}],"author":[{"embeddable":true,"href":"https:\/\/www.sincomam.org.br\/index.php\/wp-json\/wp\/v2\/users\/1182"}],"replies":[{"embeddable":true,"href":"https:\/\/www.sincomam.org.br\/index.php\/wp-json\/wp\/v2\/comments?post=34411"}],"version-history":[{"count":1,"href":"https:\/\/www.sincomam.org.br\/index.php\/wp-json\/wp\/v2\/posts\/34411\/revisions"}],"predecessor-version":[{"id":34412,"href":"https:\/\/www.sincomam.org.br\/index.php\/wp-json\/wp\/v2\/posts\/34411\/revisions\/34412"}],"wp:featuredmedia":[{"embeddable":true,"href":"https:\/\/www.sincomam.org.br\/index.php\/wp-json\/wp\/v2\/media\/32326"}],"wp:attachment":[{"href":"https:\/\/www.sincomam.org.br\/index.php\/wp-json\/wp\/v2\/media?parent=34411"}],"wp:term":[{"taxonomy":"category","embeddable":true,"href":"https:\/\/www.sincomam.org.br\/index.php\/wp-json\/wp\/v2\/categories?post=34411"},{"taxonomy":"post_tag","embeddable":true,"href":"https:\/\/www.sincomam.org.br\/index.php\/wp-json\/wp\/v2\/tags?post=34411"}],"curies":[{"name":"wp","href":"https:\/\/api.w.org\/{rel}","templated":true}]}}