{"id":34404,"date":"2021-03-24T09:05:17","date_gmt":"2021-03-24T12:05:17","guid":{"rendered":"http:\/\/www.sincomam.org.br\/?p=34404"},"modified":"2021-03-24T09:05:17","modified_gmt":"2021-03-24T12:05:17","slug":"conta-de-luz-pode-subir-213-ate-maio-diz-aneel","status":"publish","type":"post","link":"https:\/\/www.sincomam.org.br\/index.php\/conta-de-luz-pode-subir-213-ate-maio-diz-aneel\/","title":{"rendered":"Conta de luz pode subir 21,3% at\u00e9 maio, diz Aneel"},"content":{"rendered":"<p><strong><em>Os valores prometem pressionar a infla\u00e7\u00e3o<\/em><\/strong><\/p>\n<p>A Ag\u00eancia Nacional de Energia El\u00e9trica ( Aneel ) apresentou nesta ter\u00e7a-feira (23) a proposta de atualiza\u00e7\u00e3o dos valores das bandeiras tarif\u00e1rias na conta de luz . No caso da bandeira vermellha, o aumento proposto \u00e9 de alta de at\u00e9 21,3% .<\/p>\n<p>Os percentuais ainda ser\u00e3o discutidos em consulta p\u00fablica, mas, uma vez aplicados, tornar\u00e3o as contas de luz ainda mais caras e pressionar\u00e3o a infla\u00e7\u00e3o, que j\u00e1 est\u00e1 alta com os efeitos da crise da pandemia.<\/p>\n<p>Na bandeira vermelha Patamar 1: aumento do adicional de R$ 4,169 para R$ 4,599 a cada 100 kWh. Aumento de 10,3%.<\/p>\n<p>J\u00e1 na Patamar 2 poder\u00e1 ter o valor elevado de R$ 6,243 para R$ 7,571 a cada 100 kWh. Aumento de 21,3%.<\/p>\n<p>No caso da da bandeira amarela, pode haver redu\u00e7\u00e3o de R$ 1,343 para R$ 0,996 a cada 100 kilowatt-hora (kWh) consumidos. A bandeira verde permanece sem altera\u00e7\u00e3o.<\/p>\n<p>Conforme h\u00e1 aumento do custo de gera\u00e7\u00e3o de energia, a Aneel aciona as bandeiras amarela e vermelha (Patamar 1 e 2). Durante a reuni\u00e3o p\u00fablica de diretoria, o diretor-geral da ag\u00eancia, Andr\u00e9 Pepitone, destacou que o sistema de bandeiras tarif\u00e1rias foi estruturado para cobrir 95% do custo das termel\u00e9tricas despachadas pelo Operador Nacional do Sistema (ONS).<\/p>\n<p>Os novos valores ser\u00e3o discutidos com o setor, entre 24 mar\u00e7o e 7 de maio, em consulta p\u00fablica aprovada hoje (24).<\/p>\n<p>Fonte: Economia &#8211; iG<\/p>\n","protected":false},"excerpt":{"rendered":"<p>Os valores prometem pressionar a infla\u00e7\u00e3o A Ag\u00eancia Nacional de Energia El\u00e9trica ( Aneel ) apresentou nesta ter\u00e7a-feira (23) a proposta de atualiza\u00e7\u00e3o dos valores&#8230;<\/p>\n","protected":false},"author":1182,"featured_media":32749,"comment_status":"closed","ping_status":"closed","sticky":false,"template":"","format":"standard","meta":{"footnotes":""},"categories":[6],"tags":[4129,425,426],"class_list":["post-34404","post","type-post","status-publish","format-standard","has-post-thumbnail","hentry","category-noticias","tag-aneel","tag-conta","tag-luz"],"_links":{"self":[{"href":"https:\/\/www.sincomam.org.br\/index.php\/wp-json\/wp\/v2\/posts\/34404","targetHints":{"allow":["GET"]}}],"collection":[{"href":"https:\/\/www.sincomam.org.br\/index.php\/wp-json\/wp\/v2\/posts"}],"about":[{"href":"https:\/\/www.sincomam.org.br\/index.php\/wp-json\/wp\/v2\/types\/post"}],"author":[{"embeddable":true,"href":"https:\/\/www.sincomam.org.br\/index.php\/wp-json\/wp\/v2\/users\/1182"}],"replies":[{"embeddable":true,"href":"https:\/\/www.sincomam.org.br\/index.php\/wp-json\/wp\/v2\/comments?post=34404"}],"version-history":[{"count":1,"href":"https:\/\/www.sincomam.org.br\/index.php\/wp-json\/wp\/v2\/posts\/34404\/revisions"}],"predecessor-version":[{"id":34405,"href":"https:\/\/www.sincomam.org.br\/index.php\/wp-json\/wp\/v2\/posts\/34404\/revisions\/34405"}],"wp:featuredmedia":[{"embeddable":true,"href":"https:\/\/www.sincomam.org.br\/index.php\/wp-json\/wp\/v2\/media\/32749"}],"wp:attachment":[{"href":"https:\/\/www.sincomam.org.br\/index.php\/wp-json\/wp\/v2\/media?parent=34404"}],"wp:term":[{"taxonomy":"category","embeddable":true,"href":"https:\/\/www.sincomam.org.br\/index.php\/wp-json\/wp\/v2\/categories?post=34404"},{"taxonomy":"post_tag","embeddable":true,"href":"https:\/\/www.sincomam.org.br\/index.php\/wp-json\/wp\/v2\/tags?post=34404"}],"curies":[{"name":"wp","href":"https:\/\/api.w.org\/{rel}","templated":true}]}}