{"id":34392,"date":"2021-03-23T15:12:02","date_gmt":"2021-03-23T18:12:02","guid":{"rendered":"http:\/\/www.sincomam.org.br\/?p=34392"},"modified":"2021-03-23T15:12:02","modified_gmt":"2021-03-23T18:12:02","slug":"porto-coopera-com-operacao-internacional-contra-a-poluicao-maritima","status":"publish","type":"post","link":"https:\/\/www.sincomam.org.br\/index.php\/porto-coopera-com-operacao-internacional-contra-a-poluicao-maritima\/","title":{"rendered":"Porto coopera com Opera\u00e7\u00e3o Internacional contra a Polui\u00e7\u00e3o mar\u00edtima"},"content":{"rendered":"<p><em><strong>A\u00e7\u00e3o envolve cerca de 60 pa\u00edses e tem como foco principal o combate \u00e0 polui\u00e7\u00e3o mar\u00edtima<\/strong><\/em><\/p>\n<p>A empresa p\u00fablica Portos do Paran\u00e1 informa que compartilha com a Pol\u00edcia Federal os dados obtidos nos 27 programas de monitoramentos ambientais. As informa\u00e7\u00f5es colaboram com a opera\u00e7\u00e3o \u201c30 <em>Days at Sea <\/em>3.0\u201d (30 Dias no Mar) da <em>International Criminal Police Organization<\/em> &#8211; INTERPOL.<\/p>\n<p>Segundo a Portos do Paran\u00e1, na \u00fatima sexta-feira (19), peritos criminais e agentes da Pol\u00edcia Federal no Paran\u00e1, sob a coordena\u00e7\u00e3o do delegado chefe da Delegacia de Repress\u00e3o a Crimes Contra o Meio Ambiente e o Patrim\u00f4nio Hist\u00f3rico, Felipe Hayashi, estiveram no Porto de Paranagu\u00e1 para receber informa\u00e7\u00f5es e conhecer algumas opera\u00e7\u00f5es de rotina, que est\u00e3o entre as monitoradas pela Diretoria de Meio Ambiente da Portos do Paran\u00e1.<\/p>\n<p><em>\u201cAl\u00e9m de fornecer os dados brutos de monitoramentos ambientais, para que possam cruzar os dados com outras a\u00e7\u00f5es nas quais est\u00e3o envolvidos, tamb\u00e9m colaboramos mostrando como a Portos do Paran\u00e1 realiza as suas fiscaliza\u00e7\u00f5es de rotina com o objetivo de evitar a contamina\u00e7\u00e3o do mar\u201d, afirmou o diretor de Meio Ambiente da Portos do Paran\u00e1, Jo\u00e3o Paulo Ribeiro Santana.<\/em><\/p>\n<p><strong>Opera\u00e7\u00e3o<\/strong><\/p>\n<p>A Interpol, por meio do \u201c<em>Pollution Crime Working Group<\/em>\u201d (PCWG) deu in\u00edcio a essa modalidade de a\u00e7\u00e3o global no ano de 2018, sendo esta a terceira opera\u00e7\u00e3o internacional, cujo planejamento iniciou-se em 2020. O Brasil, junto com pa\u00edses das Am\u00e9ricas do Norte, Central e do Sul, Europa, \u00c1sia-Pac\u00edfico, \u00c1frica e Oriente M\u00e9dio, est\u00e1 executando a opera\u00e7\u00e3o \u201c30 <em>Days at Sea<\/em> <em>3.0<\/em>\u201d durante este m\u00eas de mar\u00e7o.<\/p>\n<p>Al\u00e9m da Pol\u00edcia Federal, tamb\u00e9m est\u00e3o envolvidos na a\u00e7\u00e3o, no Paran\u00e1, a Marinha, o Instituto Brasileiro do Meio Ambiente e dos Recursos Naturais Renov\u00e1veis (Ibama) e ICMBio. Al\u00e9m da Portos do Paran\u00e1, no Estado, ainda cooperam com a a\u00e7\u00e3o o Instituto \u00c1gua e Terra (IAT), a Pol\u00edcia Militar, o Corpo de Bombeiros e a Sanepar.<\/p>\n<p><strong>Porto<\/strong><\/p>\n<p>No Porto de Paranagu\u00e1, foram tr\u00eas os focos de interesse da Pol\u00edcia Federal. Primeiro, o grupo acompanhou a opera\u00e7\u00e3o de retirada de fertilizantes de um navio, verificando a disposi\u00e7\u00e3o de meios de se evitar a queda de gr\u00e3os na \u00e1gua. Tamb\u00e9m conferiram a prote\u00e7\u00e3o de bocas de lobo durante essa descarga, para que o fertilizante que eventualmente caia ao ch\u00e3o, possa ser varrido e n\u00e3o seja carreado para dentro das galerias de drenaguem pluvial. Na segunda a\u00e7\u00e3o, acompanharam a remo\u00e7\u00e3o de res\u00edduos s\u00f3lidos de um navio que descarregava no cais. Na sequ\u00eancia, acompanharam a atividade de monitoramento da \u00e1gua de lastro de uma outra embarca\u00e7\u00e3o que carregava gran\u00e9is s\u00f3lidos para exporta\u00e7\u00e3o.<\/p>\n<p>A Portos do Paran\u00e1 executa diariamente, desde 2014, o Programa de Verifica\u00e7\u00e3o do Adequado Gerenciamento da \u00c1gua de Lastro, em cumprimento a NORMAM- 20\/DPC da Marinha Brasileira, na qual estabelece as diretrizes para o gerenciamento da \u00e1gua de lastro dos navios, em acordo com a Conven\u00e7\u00e3o Internacional para o Controle e Gerenciamento da \u00c1gua de Lastro e Sedimentos dos Navios (da Organiza\u00e7\u00e3o Mar\u00edtima Internacional \u2013 IMO).<\/p>\n<p>Foto: Claudio Neves-Portos do Paran\u00e1<\/p>\n","protected":false},"excerpt":{"rendered":"<p>A\u00e7\u00e3o envolve cerca de 60 pa\u00edses e tem como foco principal o combate \u00e0 polui\u00e7\u00e3o mar\u00edtima A empresa p\u00fablica Portos do Paran\u00e1 informa que compartilha&#8230;<\/p>\n","protected":false},"author":1182,"featured_media":34393,"comment_status":"closed","ping_status":"closed","sticky":false,"template":"","format":"standard","meta":{"footnotes":""},"categories":[6],"tags":[1734,2751,4502,1536,1732,377,2755,415,1028,3922],"class_list":["post-34392","post","type-post","status-publish","format-standard","has-post-thumbnail","hentry","category-noticias","tag-ambiental","tag-covid-19","tag-interpol","tag-maritima","tag-monitoramento","tag-operacao","tag-pandemia","tag-policia-federal","tag-poluicao","tag-portos-do-parana"],"_links":{"self":[{"href":"https:\/\/www.sincomam.org.br\/index.php\/wp-json\/wp\/v2\/posts\/34392","targetHints":{"allow":["GET"]}}],"collection":[{"href":"https:\/\/www.sincomam.org.br\/index.php\/wp-json\/wp\/v2\/posts"}],"about":[{"href":"https:\/\/www.sincomam.org.br\/index.php\/wp-json\/wp\/v2\/types\/post"}],"author":[{"embeddable":true,"href":"https:\/\/www.sincomam.org.br\/index.php\/wp-json\/wp\/v2\/users\/1182"}],"replies":[{"embeddable":true,"href":"https:\/\/www.sincomam.org.br\/index.php\/wp-json\/wp\/v2\/comments?post=34392"}],"version-history":[{"count":1,"href":"https:\/\/www.sincomam.org.br\/index.php\/wp-json\/wp\/v2\/posts\/34392\/revisions"}],"predecessor-version":[{"id":34394,"href":"https:\/\/www.sincomam.org.br\/index.php\/wp-json\/wp\/v2\/posts\/34392\/revisions\/34394"}],"wp:featuredmedia":[{"embeddable":true,"href":"https:\/\/www.sincomam.org.br\/index.php\/wp-json\/wp\/v2\/media\/34393"}],"wp:attachment":[{"href":"https:\/\/www.sincomam.org.br\/index.php\/wp-json\/wp\/v2\/media?parent=34392"}],"wp:term":[{"taxonomy":"category","embeddable":true,"href":"https:\/\/www.sincomam.org.br\/index.php\/wp-json\/wp\/v2\/categories?post=34392"},{"taxonomy":"post_tag","embeddable":true,"href":"https:\/\/www.sincomam.org.br\/index.php\/wp-json\/wp\/v2\/tags?post=34392"}],"curies":[{"name":"wp","href":"https:\/\/api.w.org\/{rel}","templated":true}]}}