{"id":34385,"date":"2021-03-23T14:45:31","date_gmt":"2021-03-23T17:45:31","guid":{"rendered":"http:\/\/www.sincomam.org.br\/?p=34385"},"modified":"2021-03-23T14:45:31","modified_gmt":"2021-03-23T17:45:31","slug":"marcelo-queiroga-e-oficialmente-o-novo-ministro-da-saude","status":"publish","type":"post","link":"https:\/\/www.sincomam.org.br\/index.php\/marcelo-queiroga-e-oficialmente-o-novo-ministro-da-saude\/","title":{"rendered":"Marcelo Queiroga \u00e9 oficialmente o novo ministro da Sa\u00fade"},"content":{"rendered":"<p><strong><em>Posse ocorreu em cerim\u00f4nia reservada, no Pal\u00e1cio do Planalto, e n\u00e3o constava na agenda oficial do presidente<\/em><\/strong><\/p>\n<p>O presidente Jair Bolsonaro deu posse nesta ter\u00e7a-feira (23) para o m\u00e9dico Marcelo Queiroga como novo ministro da Sa\u00fade. A cerim\u00f4nia foi discreta, no Pal\u00e1cio do Planalto, e n\u00e3o constava na agenda oficial do presidente.<\/p>\n<p>A nomea\u00e7\u00e3o de Queiroga, assim como a exonera\u00e7\u00e3o de Eduardo Pazuello, n\u00e3o foram publicadas no &#8220;Di\u00e1rio Oficial da Uni\u00e3o&#8221;.<\/p>\n<p>Queiroga substitui Eduardo Pazuello no pior momento da pandemia de Covid-19, com recordes sucessivos de mortes e contamina\u00e7\u00f5es. O Brasil j\u00e1 soma mais de 295 mil mortes pela Covid-19.<\/p>\n<p>Na ter\u00e7a-feira (16), um dia ap\u00f3s a sua indica\u00e7\u00e3o, Queiroga afirmou que era necess\u00e1ria a \u201cuni\u00e3o da na\u00e7\u00e3o\u201d para enfrentar a \u201cnova onda\u201d da pandemia da Covid-19.<\/p>\n<p>Na ocasi\u00e3o, o m\u00e9dico cardiologista fez um pronunciamento em que defendeu o Sistema \u00danico de Sa\u00fade (SUS) e citou a import\u00e2ncia das &#8220;evid\u00eancias cient\u00edficas&#8221; em futuras a\u00e7\u00f5es da pasta, mas sinalizou que far\u00e1 uma gest\u00e3o de continuidade.<\/p>\n<p>Em discurso afinado com as preocupa\u00e7\u00f5es do presidente Jair Bolsonaro, Queiroga se mostrou preocupado com o impacto da pandemia da Covid-19 na economia. &#8220;\u00c9 preciso unir esfor\u00e7os do enfrentamento da pandemia com a preserva\u00e7\u00e3o da atividade econ\u00f4mica&#8221;, disse o novo ministro.<\/p>\n<p>Fonte: G1<\/p>\n<p><strong>Leia tamb\u00e9m: <a href=\"https:\/\/www.sincomam.org.br\/index.php\/marcelo-queiroga-e-nomeado-o-novo-ministro-da-saude\/\" target=\"_blank\" rel=\"noopener noreferrer\">Queiroga \u00e9 o quarto ministro a ocupar o cargo nesta pandemia<\/a><\/strong><\/p>\n","protected":false},"excerpt":{"rendered":"<p>Posse ocorreu em cerim\u00f4nia reservada, no Pal\u00e1cio do Planalto, e n\u00e3o constava na agenda oficial do presidente O presidente Jair Bolsonaro deu posse nesta ter\u00e7a-feira&#8230;<\/p>\n","protected":false},"author":1182,"featured_media":34278,"comment_status":"closed","ping_status":"closed","sticky":false,"template":"","format":"standard","meta":{"footnotes":""},"categories":[6],"tags":[4500,4457,4458,4460,4499,1519,1178],"class_list":["post-34385","post","type-post","status-publish","format-standard","has-post-thumbnail","hentry","category-noticias","tag-diario-oficial-da-uniao","tag-marcelo-queiroga","tag-ministro-da-saude","tag-nomeacao","tag-palacio-do-planalto","tag-posse","tag-quarto"],"_links":{"self":[{"href":"https:\/\/www.sincomam.org.br\/index.php\/wp-json\/wp\/v2\/posts\/34385","targetHints":{"allow":["GET"]}}],"collection":[{"href":"https:\/\/www.sincomam.org.br\/index.php\/wp-json\/wp\/v2\/posts"}],"about":[{"href":"https:\/\/www.sincomam.org.br\/index.php\/wp-json\/wp\/v2\/types\/post"}],"author":[{"embeddable":true,"href":"https:\/\/www.sincomam.org.br\/index.php\/wp-json\/wp\/v2\/users\/1182"}],"replies":[{"embeddable":true,"href":"https:\/\/www.sincomam.org.br\/index.php\/wp-json\/wp\/v2\/comments?post=34385"}],"version-history":[{"count":1,"href":"https:\/\/www.sincomam.org.br\/index.php\/wp-json\/wp\/v2\/posts\/34385\/revisions"}],"predecessor-version":[{"id":34389,"href":"https:\/\/www.sincomam.org.br\/index.php\/wp-json\/wp\/v2\/posts\/34385\/revisions\/34389"}],"wp:featuredmedia":[{"embeddable":true,"href":"https:\/\/www.sincomam.org.br\/index.php\/wp-json\/wp\/v2\/media\/34278"}],"wp:attachment":[{"href":"https:\/\/www.sincomam.org.br\/index.php\/wp-json\/wp\/v2\/media?parent=34385"}],"wp:term":[{"taxonomy":"category","embeddable":true,"href":"https:\/\/www.sincomam.org.br\/index.php\/wp-json\/wp\/v2\/categories?post=34385"},{"taxonomy":"post_tag","embeddable":true,"href":"https:\/\/www.sincomam.org.br\/index.php\/wp-json\/wp\/v2\/tags?post=34385"}],"curies":[{"name":"wp","href":"https:\/\/api.w.org\/{rel}","templated":true}]}}