{"id":34372,"date":"2021-03-23T08:00:50","date_gmt":"2021-03-23T11:00:50","guid":{"rendered":"http:\/\/www.sincomam.org.br\/?p=34372"},"modified":"2021-03-22T11:40:26","modified_gmt":"2021-03-22T14:40:26","slug":"apos-surto-de-covid-19-petroleiros-param-em-mg-e-cobram-petrobras","status":"publish","type":"post","link":"https:\/\/www.sincomam.org.br\/index.php\/apos-surto-de-covid-19-petroleiros-param-em-mg-e-cobram-petrobras\/","title":{"rendered":"Ap\u00f3s surto de covid-19, petroleiros param em MG e cobram Petrobras"},"content":{"rendered":"<p>Com mais de 200 casos de covid-19 entre funcion\u00e1rios contratados e terceirizados, os petroleiros da refinaria Gabriel Passos (Regap), em Betim, na regi\u00e3o metropolitana de Belo Horizonte, anunciaram que entrar\u00e3o em greve por tempo indeterminado a partir desta segunda-feira (22). Na semana passada, petroleiros do Rio de Janeiro tamb\u00e9m pediram que a estatal ofere\u00e7a mais seguran\u00e7a em plataformas alegando que o risco de exposi\u00e7\u00e3o ao coronav\u00edrus para os trabalhadores \u00e9 alto.<\/p>\n<p>Em um comunicado, o Sindipetro-MG (Sindicato dos Petroleiros de Minas Gerais) informou que pediu ao MPT (Minist\u00e9rio P\u00fablico do Trabalho) que a Petrobras seja chamada a prestar esclarecimentos sobre o avan\u00e7o da doen\u00e7a na refinaria.<\/p>\n<p>Segundo levantamento da entidade, na semana de 15 de mar\u00e7o foram registrados mais de 100 casos positivos no local, sendo 84 deles de um mesmo setor. Desses, 11 funcion\u00e1rios seguem internados por complica\u00e7\u00f5es.<\/p>\n<p>Atualmente a Regap passa por uma parada de manuten\u00e7\u00e3o, o que gerou um grande n\u00famero de pessoas no local, incluindo profissionais de outros estados. A manuten\u00e7\u00e3o come\u00e7ou em 28 de fevereiro e deve durar 30 dias. Devido a isso, houve um aumento presencial de mais de 2 mil trabalhadores, um efetivo que quase dobrou o tamanho.<\/p>\n<p>Para o sindicato, o aumento na circula\u00e7\u00e3o de trabalhadores coloca todo o efetivo em risco. A entidade alega que conversou desde o in\u00edcio do ano com a ger\u00eancia local afirmando que &#8220;que n\u00e3o haveria possibilidade de manter&#8221; a manuten\u00e7\u00e3o &#8220;sem que os trabalhadores, ao cumprirem seu servi\u00e7o, se vissem expostos a altas taxas de contamina\u00e7\u00e3o\u201d.<\/p>\n<p>O UOL procurou a Petrobras para pedir o posicionamento da empresa, mas ainda n\u00e3o teve resposta.<\/p>\n<p>Todas as regi\u00f5es do estado de Minas Gerais est\u00e3o na onda roxa, ap\u00f3s decreto do governador Romeu Zema (Novo). A medida visa reduzir a circula\u00e7\u00e3o de pessoas para tentar conter a transmiss\u00e3o da covid-19 e conter o colapso do sistema de Sa\u00fade. O estado vive, atualmente, o momento mais grave desde o in\u00edcio da pandemia, em mar\u00e7o do ano passado.<\/p>\n<p><strong>No Rio, petroleiros tamb\u00e9m cobram mais seguran\u00e7a<\/strong><\/p>\n<p>A cobran\u00e7a por mais seguran\u00e7a no trabalho tamb\u00e9m \u00e9 reivindicada por petroleiros no Rio de Janeiro. Na \u00faltima quinta-feira (18), os petroleiros da Bacia de Campos tamb\u00e9m pediram ao MPT que a estatal apresente a\u00e7\u00f5es para combater a covid-19 em plataformas.<\/p>\n<p>Levantamento da Reuters, com base em dados da ANP (Ag\u00eancia Nacional de Petr\u00f3leo), mostra que os casos de covid-19 em plataformas de petr\u00f3leo e g\u00e1s do Brasil voltaram a apresentar tend\u00eancia de alta desde o in\u00edcio de mar\u00e7o, revertendo um movimento de queda visto no in\u00edcio do ano.<\/p>\n<p>O diretor do departamento de sa\u00fade e meio ambiente do Sindipetro Norte Fluminense, Alexandre Oliveira, afirmou \u00e0 Reuters que, mesmo nas plataformas operando com 70% da capacidade, em m\u00e9dia, \u00e9 grande o tr\u00e2nsito de trabalhadores. &#8220;Essa redu\u00e7\u00e3o de pessoal \u00e9 fantasiosa, ainda tem muita gente embarcada junta&#8221;, disse, citando uma das medidas que a Petrobras adota para minimizar os riscos.<\/p>\n<p>Os petroleiros querem que a Petrobras apresente protocolos mais rigorosos, como testes em tr\u00eas momentos distintos: no embarque, na metade do per\u00edodo da escala e no desembarque. Atualmente, a empresa realiza a testagem somente no embarque \u00e0s plataformas.<\/p>\n<p>\u00c0 Reuters, a Petrobras confirmou a ocorr\u00eancia de casos de covid-19 em algumas plataformas, mas disse que segue protocolos de seguran\u00e7a, mediante os quais isola e desembarca qualquer profissional com sintomas e seus contactantes.<\/p>\n<p>&#8220;Assim que o primeiro colaborador reporta sintomas \u00e0s equipes de sa\u00fade a bordo, s\u00e3o tomadas as provid\u00eancias para isolamento, rastreio de contactantes e desembarque&#8221;, disse a petroleira, acrescentando que s\u00e3o realizados testes preventivos das equipes a bordo das plataformas.<\/p>\n<p>Fonte: UOL<\/p>\n","protected":false},"excerpt":{"rendered":"<p>Com mais de 200 casos de covid-19 entre funcion\u00e1rios contratados e terceirizados, os petroleiros da refinaria Gabriel Passos (Regap), em Betim, na regi\u00e3o metropolitana de&#8230;<\/p>\n","protected":false},"author":1182,"featured_media":5536,"comment_status":"closed","ping_status":"closed","sticky":false,"template":"","format":"standard","meta":{"footnotes":""},"categories":[6],"tags":[361,2752,2751,1460,1005,247,186,2995,4155],"class_list":["post-34372","post","type-post","status-publish","format-standard","has-post-thumbnail","hentry","category-noticias","tag-bacia-de-campos","tag-coronavirus","tag-covid-19","tag-infectados","tag-mortes","tag-petroleiros","tag-plataforma","tag-regap","tag-surto"],"_links":{"self":[{"href":"https:\/\/www.sincomam.org.br\/index.php\/wp-json\/wp\/v2\/posts\/34372","targetHints":{"allow":["GET"]}}],"collection":[{"href":"https:\/\/www.sincomam.org.br\/index.php\/wp-json\/wp\/v2\/posts"}],"about":[{"href":"https:\/\/www.sincomam.org.br\/index.php\/wp-json\/wp\/v2\/types\/post"}],"author":[{"embeddable":true,"href":"https:\/\/www.sincomam.org.br\/index.php\/wp-json\/wp\/v2\/users\/1182"}],"replies":[{"embeddable":true,"href":"https:\/\/www.sincomam.org.br\/index.php\/wp-json\/wp\/v2\/comments?post=34372"}],"version-history":[{"count":1,"href":"https:\/\/www.sincomam.org.br\/index.php\/wp-json\/wp\/v2\/posts\/34372\/revisions"}],"predecessor-version":[{"id":34373,"href":"https:\/\/www.sincomam.org.br\/index.php\/wp-json\/wp\/v2\/posts\/34372\/revisions\/34373"}],"wp:featuredmedia":[{"embeddable":true,"href":"https:\/\/www.sincomam.org.br\/index.php\/wp-json\/wp\/v2\/media\/5536"}],"wp:attachment":[{"href":"https:\/\/www.sincomam.org.br\/index.php\/wp-json\/wp\/v2\/media?parent=34372"}],"wp:term":[{"taxonomy":"category","embeddable":true,"href":"https:\/\/www.sincomam.org.br\/index.php\/wp-json\/wp\/v2\/categories?post=34372"},{"taxonomy":"post_tag","embeddable":true,"href":"https:\/\/www.sincomam.org.br\/index.php\/wp-json\/wp\/v2\/tags?post=34372"}],"curies":[{"name":"wp","href":"https:\/\/api.w.org\/{rel}","templated":true}]}}