{"id":34366,"date":"2021-03-22T09:02:29","date_gmt":"2021-03-22T12:02:29","guid":{"rendered":"http:\/\/www.sincomam.org.br\/?p=34366"},"modified":"2021-03-22T09:02:29","modified_gmt":"2021-03-22T12:02:29","slug":"receita-esclarece-como-declarar-reducao-de-jornada-no-imposto-de-renda-2","status":"publish","type":"post","link":"https:\/\/www.sincomam.org.br\/index.php\/receita-esclarece-como-declarar-reducao-de-jornada-no-imposto-de-renda-2\/","title":{"rendered":"Receita esclarece como declarar redu\u00e7\u00e3o de jornada no Imposto de Renda"},"content":{"rendered":"<p><strong><em>Contribuinte deve conferir valores na Carteira de Trabalho Digital<\/em><\/strong><\/p>\n<p>Depois de d\u00favidas de trabalhadores beneficiados pelo Benef\u00edcio Emergencial de Preserva\u00e7\u00e3o do Emprego e da Renda (BEm), a Receita Federal esclareceu como declarar a redu\u00e7\u00e3o de jornada ou a suspens\u00e3o do contrato de trabalho no Imposto de Renda. O programa ajudou a preservar o emprego em empresas impactadas pela pandemia de covid-19 no ano passado.<\/p>\n<p>Equivalente a um percentual do seguro-desemprego a que o trabalhador teria direito se fosse demitido, o BEm deve ser declarado como tal na ficha \u201cRendimentos Tribut\u00e1veis Recebidos de Pessoa Jur\u00eddica\u201d. Na fonte pagadora, o contribuinte colocar\u00e1 o Cadastro Nacional da Pessoa Jur\u00eddica (CNPJ) da Receita Federal, com o n\u00famero 00.394.460\/0572-59.<\/p>\n<p>A ajuda compensat\u00f3ria mensal, que equivale \u00e0 parcela do sal\u00e1rio paga pelo empregador, deve ser informada na ficha \u201cRendimentos Isentos e N\u00e3o Tribut\u00e1veis\u201d. O declarante deve incluir o dinheiro no item 26, \u201cOutros com o CNPJ da Fonte Pagadora (Empregadora)\u201d. A descri\u00e7\u00e3o deve conter a express\u00e3o \u201cAjuda Compensat\u00f3ria\u201d, para identificar a natureza dos valores.<\/p>\n<p>Para saber quais valores foram pagos como benef\u00edcio emergencial ou ajuda compensat\u00f3ria, o contribuinte deve acessar o aplicativo Carteira de Trabalho Digital ou consultar o empregador.<\/p>\n<p><strong>Emprego<\/strong><\/p>\n<p>Em vigor de abril a dezembro do ano passado, o programa de suspens\u00e3o de contratos e de redu\u00e7\u00e3o de jornada (com redu\u00e7\u00e3o proporcional de sal\u00e1rios) preservou 20,1 milh\u00f5es de empregos com carteira assinada durante a pandemia do novo coronav\u00edrus. Por meio do programa, o trabalhador tinha o sal\u00e1rio reduzido ou o contrato suspenso, recebendo uma parcela do seguro-desemprego para complementar a renda e tendo o emprego preservado pelo per\u00edodo equivalente ao que recebeu ajuda, ap\u00f3s o restabelecimento da jornada.<\/p>\n<p>As duas modalidades, suspens\u00e3o de contrato e redu\u00e7\u00e3o de jornada, dependeu de acordo individual ou coletivo entre trabalhadores e patr\u00f5es. O empregado com o contrato suspenso recebeu 100% do seguro-desemprego no lugar do sal\u00e1rio ou 70% do seguro-desemprego e 30% do sal\u00e1rio.<\/p>\n<p>Na redu\u00e7\u00e3o de jornada com redu\u00e7\u00e3o proporcional dos sal\u00e1rios, o empregado podia ter o sal\u00e1rio e a carga de trabalho reduzidos em 25%, 50% ou 70%, recebendo o seguro-desemprego em percentuais equivalentes \u00e0 diminui\u00e7\u00e3o do sal\u00e1rio.<\/p>\n<p>Fonte: Ag\u00eancia Brasil<\/p>\n","protected":false},"excerpt":{"rendered":"<p>Contribuinte deve conferir valores na Carteira de Trabalho Digital Depois de d\u00favidas de trabalhadores beneficiados pelo Benef\u00edcio Emergencial de Preserva\u00e7\u00e3o do Emprego e da Renda&#8230;<\/p>\n","protected":false},"author":1182,"featured_media":34011,"comment_status":"closed","ping_status":"closed","sticky":false,"template":"","format":"standard","meta":{"footnotes":""},"categories":[6],"tags":[2751,546,544,203,2866,2755,215,767,554],"class_list":["post-34366","post","type-post","status-publish","format-standard","has-post-thumbnail","hentry","category-noticias","tag-covid-19","tag-declaracao","tag-emprego","tag-imposto-de-renda","tag-jornada","tag-pandemia","tag-receita-federal","tag-reducao","tag-trabalho"],"_links":{"self":[{"href":"https:\/\/www.sincomam.org.br\/index.php\/wp-json\/wp\/v2\/posts\/34366","targetHints":{"allow":["GET"]}}],"collection":[{"href":"https:\/\/www.sincomam.org.br\/index.php\/wp-json\/wp\/v2\/posts"}],"about":[{"href":"https:\/\/www.sincomam.org.br\/index.php\/wp-json\/wp\/v2\/types\/post"}],"author":[{"embeddable":true,"href":"https:\/\/www.sincomam.org.br\/index.php\/wp-json\/wp\/v2\/users\/1182"}],"replies":[{"embeddable":true,"href":"https:\/\/www.sincomam.org.br\/index.php\/wp-json\/wp\/v2\/comments?post=34366"}],"version-history":[{"count":1,"href":"https:\/\/www.sincomam.org.br\/index.php\/wp-json\/wp\/v2\/posts\/34366\/revisions"}],"predecessor-version":[{"id":34367,"href":"https:\/\/www.sincomam.org.br\/index.php\/wp-json\/wp\/v2\/posts\/34366\/revisions\/34367"}],"wp:featuredmedia":[{"embeddable":true,"href":"https:\/\/www.sincomam.org.br\/index.php\/wp-json\/wp\/v2\/media\/34011"}],"wp:attachment":[{"href":"https:\/\/www.sincomam.org.br\/index.php\/wp-json\/wp\/v2\/media?parent=34366"}],"wp:term":[{"taxonomy":"category","embeddable":true,"href":"https:\/\/www.sincomam.org.br\/index.php\/wp-json\/wp\/v2\/categories?post=34366"},{"taxonomy":"post_tag","embeddable":true,"href":"https:\/\/www.sincomam.org.br\/index.php\/wp-json\/wp\/v2\/tags?post=34366"}],"curies":[{"name":"wp","href":"https:\/\/api.w.org\/{rel}","templated":true}]}}