{"id":34360,"date":"2021-03-22T08:09:11","date_gmt":"2021-03-22T11:09:11","guid":{"rendered":"http:\/\/www.sincomam.org.br\/?p=34360"},"modified":"2021-03-19T16:16:19","modified_gmt":"2021-03-19T19:16:19","slug":"portonave-bate-recorde-historico-na-movimentacao-de-conteineres","status":"publish","type":"post","link":"https:\/\/www.sincomam.org.br\/index.php\/portonave-bate-recorde-historico-na-movimentacao-de-conteineres\/","title":{"rendered":"Portonave bate recorde hist\u00f3rico na movimenta\u00e7\u00e3o de cont\u00eaineres"},"content":{"rendered":"<p><strong><em>A nova marca foi batida durante a opera\u00e7\u00e3o do navio E.R Canada<\/em><\/strong><\/p>\n<p>A Portonave bateu recorde hist\u00f3rico de movimenta\u00e7\u00e3o mensal em fevereiro, com mais de 100 mil TEUs \u2013 medida que corresponde a cont\u00eaineres de 20 p\u00e9s. \u00c9 o segundo recorde do terminal portu\u00e1rio em dois meses. O \u00faltimo havia sido batido em dezembro de 2020, quando foram movimentados 95 mil TEUs.<\/p>\n<p>A nova marca foi batida durante a opera\u00e7\u00e3o do navio E.R Canada, em 26 de fevereiro. A embarca\u00e7\u00e3o tem 277 metros de comprimento e faz parte do Servi\u00e7o GS1, que liga o Brasil aos Estados Unidos.<\/p>\n<p>O novo recorde de movimenta\u00e7\u00e3o \u00e9 simb\u00f3lico para a Portonave, no momento em que o mundo ainda enfrenta o desafio da pandemia. O ano de 2020 come\u00e7ou cercado de d\u00favidas, com o coronav\u00edrus afetando a China, que \u00e9 um dos principais mercados dos produtos catarinenses. Ap\u00f3s o v\u00edrus ter se tornado uma amea\u00e7a global, a produ\u00e7\u00e3o industrial teve queda, em raz\u00e3o da falta de insumos, e o vaiv\u00e9m dos navios foi afetado. O resultado foi o aumento no pre\u00e7o do frete, acompanhado, internamente, da desvaloriza\u00e7\u00e3o do real \u2013 o que causou preocupa\u00e7\u00e3o nos primeiros meses do ano.<\/p>\n<p>Ap\u00f3s esse solavanco o cen\u00e1rio internacional reagiu, contrariando as previs\u00f5es pessimistas divulgadas no inicio da pandemia \u2013 diz o diretor superintendente da Portove, Osmari de Castilho Ribas.<\/p>\n<p>Ele avalia que o crescimento experimentado neste in\u00edcio de 2021 \u00e9 vi\u00e1vel, gra\u00e7as \u00e0 combina\u00e7\u00e3o entre a qualidade da ind\u00fastria catarinense, o perfil de produtos e a capacidade operacional dos portos. Castilho destaca que a abertura da nova bacia de evolu\u00e7\u00e3o no Complexo Portu\u00e1rio do Itaja\u00ed-A\u00e7u foi fundamental para manter em alta as opera\u00e7\u00f5es. Em 2020, o terminal foi respons\u00e1vel por 62 manobras na nova bacia.<\/p>\n<p>O crescimento \u00e9 sustent\u00e1vel. Esperamos uma retomada consistente do com\u00e9rcio internacional, com maior integra\u00e7\u00e3o, redu\u00e7\u00e3o de barreiras, e que nosso pa\u00eds possa estar alinhado com a vis\u00e3o global e acordo bilaterais de com\u00e9rcio \u2013 diz.<\/p>\n<p>Em junho do ano passado a Portonave foi o \u00fanico terminal brasileiro a receber atraca\u00e7\u00e3o do APL Paris, o maior navio que j\u00e1 navegou a costa brasileira. O porto foi escolhido por ser um dos \u00fanicos no pa\u00eds com capacidade operacional e de infraestrutura para receber o gigante.<\/p>\n<p>Fonte: nsctotal<\/p>\n<p>Foto: divulga\u00e7\u00e3o \/Portonave<\/p>\n","protected":false},"excerpt":{"rendered":"<p>A nova marca foi batida durante a opera\u00e7\u00e3o do navio E.R Canada A Portonave bateu recorde hist\u00f3rico de movimenta\u00e7\u00e3o mensal em fevereiro, com mais de&#8230;<\/p>\n","protected":false},"author":1182,"featured_media":34361,"comment_status":"closed","ping_status":"closed","sticky":false,"template":"","format":"standard","meta":{"footnotes":""},"categories":[6],"tags":[585,237,2021,62],"class_list":["post-34360","post","type-post","status-publish","format-standard","has-post-thumbnail","hentry","category-noticias","tag-conteineres","tag-movimentacao","tag-portonave","tag-recorde"],"_links":{"self":[{"href":"https:\/\/www.sincomam.org.br\/index.php\/wp-json\/wp\/v2\/posts\/34360","targetHints":{"allow":["GET"]}}],"collection":[{"href":"https:\/\/www.sincomam.org.br\/index.php\/wp-json\/wp\/v2\/posts"}],"about":[{"href":"https:\/\/www.sincomam.org.br\/index.php\/wp-json\/wp\/v2\/types\/post"}],"author":[{"embeddable":true,"href":"https:\/\/www.sincomam.org.br\/index.php\/wp-json\/wp\/v2\/users\/1182"}],"replies":[{"embeddable":true,"href":"https:\/\/www.sincomam.org.br\/index.php\/wp-json\/wp\/v2\/comments?post=34360"}],"version-history":[{"count":1,"href":"https:\/\/www.sincomam.org.br\/index.php\/wp-json\/wp\/v2\/posts\/34360\/revisions"}],"predecessor-version":[{"id":34362,"href":"https:\/\/www.sincomam.org.br\/index.php\/wp-json\/wp\/v2\/posts\/34360\/revisions\/34362"}],"wp:featuredmedia":[{"embeddable":true,"href":"https:\/\/www.sincomam.org.br\/index.php\/wp-json\/wp\/v2\/media\/34361"}],"wp:attachment":[{"href":"https:\/\/www.sincomam.org.br\/index.php\/wp-json\/wp\/v2\/media?parent=34360"}],"wp:term":[{"taxonomy":"category","embeddable":true,"href":"https:\/\/www.sincomam.org.br\/index.php\/wp-json\/wp\/v2\/categories?post=34360"},{"taxonomy":"post_tag","embeddable":true,"href":"https:\/\/www.sincomam.org.br\/index.php\/wp-json\/wp\/v2\/tags?post=34360"}],"curies":[{"name":"wp","href":"https:\/\/api.w.org\/{rel}","templated":true}]}}