{"id":34357,"date":"2021-03-22T08:05:01","date_gmt":"2021-03-22T11:05:01","guid":{"rendered":"http:\/\/www.sincomam.org.br\/?p=34357"},"modified":"2021-03-19T16:08:44","modified_gmt":"2021-03-19T19:08:44","slug":"ultracargo-promove-curso-de-formacao-para-operadores-de-logistica-portuaria-em-barcarena","status":"publish","type":"post","link":"https:\/\/www.sincomam.org.br\/index.php\/ultracargo-promove-curso-de-formacao-para-operadores-de-logistica-portuaria-em-barcarena\/","title":{"rendered":"Ultracargo promove curso de forma\u00e7\u00e3o para Operadores de Log\u00edstica Portu\u00e1ria em Barcarena"},"content":{"rendered":"<p><strong><em>Com in\u00edcio em final de mar\u00e7o e previs\u00e3o de t\u00e9rmino em maio<\/em><\/strong><\/p>\n<p>A Ultracargo, maior empresa independente de armazenagem de gran\u00e9is l\u00edquidos do Brasil, vai promover, em parceria com a Faene \u2013 Faculdade de Neg\u00f3cios, um curso para forma\u00e7\u00e3o de Operadores de Log\u00edstica Portu\u00e1ria, na regi\u00e3o de Barcarena, no Par\u00e1.<\/p>\n<p>Com in\u00edcio em final de mar\u00e7o e previs\u00e3o de t\u00e9rmino em maio, a forma\u00e7\u00e3o ser\u00e1 voltada para profissionais com ensino t\u00e9cnico e que comprovem resid\u00eancia na regi\u00e3o de Barcarena. Os inscritos que atenderem aos pr\u00e9-requisitos passar\u00e3o por um processo seletivo e, ao final, ser\u00e3o aprovados at\u00e9 25 participantes.<\/p>\n<p>A iniciativa est\u00e1 em linha com a bandeira social da Ultracargo, a educa\u00e7\u00e3o, e refor\u00e7a seu compromisso com o desenvolvimento das comunidades do entorno de suas opera\u00e7\u00f5es. A companhia est\u00e1 construindo um terminal de armazenagem e movimenta\u00e7\u00e3o de gran\u00e9is l\u00edquidos no Porto de Vila do Conde, com in\u00edcio de opera\u00e7\u00e3o planejado para 2022.<\/p>\n<p>Devido \u00e0 pandemia da Covid-19, a forma\u00e7\u00e3o acontecer\u00e1 em ambiente online, e dar\u00e1 aos concluintes o certificado de Operadores de Log\u00edstica Portu\u00e1ria, emitido pela institui\u00e7\u00e3o Faene, ampliando as possibilidades de empregabilidade no futuro terminal da Ultracargo ou em outras empresas atuantes no Porto. Al\u00e9m disso, visando proporcionar um desenvolvimento ainda mais completo, a Ultracargo conceder\u00e1 aos participantes acesso \u00e0 plataforma CMov que oferece uma s\u00e9rie de ferramentas de orienta\u00e7\u00e3o profissional.<\/p>\n<p><strong>Servi\u00e7o:<\/strong> curso para forma\u00e7\u00e3o de Operadores de Log\u00edstica Portu\u00e1ria<\/p>\n<p><strong>Onde:<\/strong> Online, para residentes de Barcarena, no Par\u00e1<\/p>\n<p><strong>Prazo de inscri\u00e7\u00e3o:<\/strong> entre 8 e 24 de mar\u00e7o de 2021<\/p>\n<p><strong>Vagas:<\/strong> 25<\/p>\n<p><strong>Inscri\u00e7\u00f5es:<\/strong> acesse o nosso website da Ultracargo (www.ultracargo.com.br) na \u00e1rea Trabalhe Conosco\u00b9.<\/p>\n<p>Fonte: Jornal Portu\u00e1rio<\/p>\n<p>Foto: divulga\u00e7\u00e3o<\/p>\n","protected":false},"excerpt":{"rendered":"<p>Com in\u00edcio em final de mar\u00e7o e previs\u00e3o de t\u00e9rmino em maio A Ultracargo, maior empresa independente de armazenagem de gran\u00e9is l\u00edquidos do Brasil, vai&#8230;<\/p>\n","protected":false},"author":1182,"featured_media":34359,"comment_status":"closed","ping_status":"closed","sticky":false,"template":"","format":"standard","meta":{"footnotes":""},"categories":[6],"tags":[2209,445,336,438,377,1742],"class_list":["post-34357","post","type-post","status-publish","format-standard","has-post-thumbnail","hentry","category-noticias","tag-barcarena","tag-curso","tag-inscricoes","tag-logistica","tag-operacao","tag-ultracargo"],"_links":{"self":[{"href":"https:\/\/www.sincomam.org.br\/index.php\/wp-json\/wp\/v2\/posts\/34357","targetHints":{"allow":["GET"]}}],"collection":[{"href":"https:\/\/www.sincomam.org.br\/index.php\/wp-json\/wp\/v2\/posts"}],"about":[{"href":"https:\/\/www.sincomam.org.br\/index.php\/wp-json\/wp\/v2\/types\/post"}],"author":[{"embeddable":true,"href":"https:\/\/www.sincomam.org.br\/index.php\/wp-json\/wp\/v2\/users\/1182"}],"replies":[{"embeddable":true,"href":"https:\/\/www.sincomam.org.br\/index.php\/wp-json\/wp\/v2\/comments?post=34357"}],"version-history":[{"count":1,"href":"https:\/\/www.sincomam.org.br\/index.php\/wp-json\/wp\/v2\/posts\/34357\/revisions"}],"predecessor-version":[{"id":34358,"href":"https:\/\/www.sincomam.org.br\/index.php\/wp-json\/wp\/v2\/posts\/34357\/revisions\/34358"}],"wp:featuredmedia":[{"embeddable":true,"href":"https:\/\/www.sincomam.org.br\/index.php\/wp-json\/wp\/v2\/media\/34359"}],"wp:attachment":[{"href":"https:\/\/www.sincomam.org.br\/index.php\/wp-json\/wp\/v2\/media?parent=34357"}],"wp:term":[{"taxonomy":"category","embeddable":true,"href":"https:\/\/www.sincomam.org.br\/index.php\/wp-json\/wp\/v2\/categories?post=34357"},{"taxonomy":"post_tag","embeddable":true,"href":"https:\/\/www.sincomam.org.br\/index.php\/wp-json\/wp\/v2\/tags?post=34357"}],"curies":[{"name":"wp","href":"https:\/\/api.w.org\/{rel}","templated":true}]}}