{"id":34352,"date":"2021-03-19T15:53:16","date_gmt":"2021-03-19T18:53:16","guid":{"rendered":"http:\/\/www.sincomam.org.br\/?p=34352"},"modified":"2021-03-19T15:54:08","modified_gmt":"2021-03-19T18:54:08","slug":"covid-19-governo-prepara-projeto-que-classifica-todo-tipo-de-trabalho-como-essencial","status":"publish","type":"post","link":"https:\/\/www.sincomam.org.br\/index.php\/covid-19-governo-prepara-projeto-que-classifica-todo-tipo-de-trabalho-como-essencial\/","title":{"rendered":"Governo prepara projeto que classifica todo tipo de trabalho como essencial"},"content":{"rendered":"<p><strong><em>Inten\u00e7\u00e3o \u00e9 garantir que prefeitos e governadores n\u00e3o pro\u00edbam pessoas de trabalhar durante o per\u00edodo da pandemia; proposta dever\u00e1 ser encaminhada ao Congresso<\/em><\/strong><\/p>\n<p>O governo prepara um projeto que classifica todo tipo de trabalho como essencial. A proposta dever\u00e1 ser encaminhada ao Congresso Nacional segundo fontes ouvidas pela CNN. O projeto de lei trata sobre atividades essenciais a serem exercidas no per\u00edodo de isolamento, quarentena e lockdown. A inten\u00e7\u00e3o do governo \u00e9 garantir que prefeitos e governadores n\u00e3o pro\u00edbam pessoas de trabalhar durante o per\u00edodo da pandemia.<\/p>\n<p><em>&#8220;Consideram-se como atividade essencial as atividades urbanas e rurais, exercidas por pessoas f\u00edsicas e jur\u00eddicas, essenciais para a garantia da subsist\u00eancia e manuten\u00e7\u00e3o essencial da unidade familiar, em especial sua seguran\u00e7a alimentar (&#8230;)&#8221;, diz trecho do esbo\u00e7o do projeto, a que a CNN teve acesso.<\/em><\/p>\n<p>A proposta ressalta ainda que estabelecimentos e trabalhadores dever\u00e3o respeitar as recomenda\u00e7\u00f5es sanit\u00e1rias expedidas pelo Minist\u00e9rio da Sa\u00fade.<\/p>\n<p><em>&#8220;As medidas adotadas dever\u00e3o resguardar o exerc\u00edcio e o funcionamento dos servi\u00e7os p\u00fablicos e atividades essenciais a que se refere o caput&#8221;, diz a proposta.<\/em><\/p>\n<p>&#8220;Assim como m\u00e9dicos, pessoal de servi\u00e7o de limpeza de rua e at\u00e9 jornalistas podem trabalhar, seguindo os protocolos de seguran\u00e7a, por que uma cabeleireira, vendedor de roupa n\u00e3o pode?&#8221;, questionou um secret\u00e1rio-executivo do governo envolvido na elabora\u00e7\u00e3o do projeto.<\/p>\n<p>Durante a live nas redes sociais desta quinta-feira (18), o presidente Jair Bolsonaro adiantou que vai apresentar ao Congresso projeto de lei que ir\u00e1 definir o que \u00e9 servi\u00e7o essencial. Jair Bolsonaro afirmou que a proposta ser\u00e1 encaminhada ao parlamento nesta sexta-feira (19).<\/p>\n<p>Fonte: CNN Brasil<\/p>\n","protected":false},"excerpt":{"rendered":"<p>Inten\u00e7\u00e3o \u00e9 garantir que prefeitos e governadores n\u00e3o pro\u00edbam pessoas de trabalhar durante o per\u00edodo da pandemia; proposta dever\u00e1 ser encaminhada ao Congresso O governo&#8230;<\/p>\n","protected":false},"author":1182,"featured_media":33458,"comment_status":"closed","ping_status":"closed","sticky":false,"template":"","format":"standard","meta":{"footnotes":""},"categories":[6],"tags":[61,844,4487,4489,414,4359,2835,2934,2755,367,4488,2809,554,1658],"class_list":["post-34352","post","type-post","status-publish","format-standard","has-post-thumbnail","hentry","category-noticias","tag-brasil","tag-congresso","tag-covid-29","tag-essencial","tag-governo-federal","tag-isolamento","tag-jair-bolsonaro","tag-lockdown","tag-pandemia","tag-projeto","tag-prorposta","tag-quarentena","tag-trabalho","tag-veto"],"_links":{"self":[{"href":"https:\/\/www.sincomam.org.br\/index.php\/wp-json\/wp\/v2\/posts\/34352","targetHints":{"allow":["GET"]}}],"collection":[{"href":"https:\/\/www.sincomam.org.br\/index.php\/wp-json\/wp\/v2\/posts"}],"about":[{"href":"https:\/\/www.sincomam.org.br\/index.php\/wp-json\/wp\/v2\/types\/post"}],"author":[{"embeddable":true,"href":"https:\/\/www.sincomam.org.br\/index.php\/wp-json\/wp\/v2\/users\/1182"}],"replies":[{"embeddable":true,"href":"https:\/\/www.sincomam.org.br\/index.php\/wp-json\/wp\/v2\/comments?post=34352"}],"version-history":[{"count":2,"href":"https:\/\/www.sincomam.org.br\/index.php\/wp-json\/wp\/v2\/posts\/34352\/revisions"}],"predecessor-version":[{"id":34354,"href":"https:\/\/www.sincomam.org.br\/index.php\/wp-json\/wp\/v2\/posts\/34352\/revisions\/34354"}],"wp:featuredmedia":[{"embeddable":true,"href":"https:\/\/www.sincomam.org.br\/index.php\/wp-json\/wp\/v2\/media\/33458"}],"wp:attachment":[{"href":"https:\/\/www.sincomam.org.br\/index.php\/wp-json\/wp\/v2\/media?parent=34352"}],"wp:term":[{"taxonomy":"category","embeddable":true,"href":"https:\/\/www.sincomam.org.br\/index.php\/wp-json\/wp\/v2\/categories?post=34352"},{"taxonomy":"post_tag","embeddable":true,"href":"https:\/\/www.sincomam.org.br\/index.php\/wp-json\/wp\/v2\/tags?post=34352"}],"curies":[{"name":"wp","href":"https:\/\/api.w.org\/{rel}","templated":true}]}}