{"id":34336,"date":"2021-03-19T08:10:48","date_gmt":"2021-03-19T11:10:48","guid":{"rendered":"http:\/\/www.sincomam.org.br\/?p=34336"},"modified":"2021-03-19T09:57:07","modified_gmt":"2021-03-19T12:57:07","slug":"parana-formaliza-intencao-de-comprar-16-milhoes-de-vacinas-contra-a-covid-19","status":"publish","type":"post","link":"https:\/\/www.sincomam.org.br\/index.php\/parana-formaliza-intencao-de-comprar-16-milhoes-de-vacinas-contra-a-covid-19\/","title":{"rendered":"Paran\u00e1 formaliza inten\u00e7\u00e3o de comprar 16 milh\u00f5es de vacinas contra a Covid-19"},"content":{"rendered":"<p style=\"text-align: left;\"><strong><em>Se adquiridos, imunizantes ser\u00e3o encaminhados para o Minist\u00e9rio da Sa\u00fade como forma de incrementar o Programa Nacional de Imuniza\u00e7\u00f5es (PNI), com distribui\u00e7\u00e3o para todos os estados do Pa\u00eds<\/em><\/strong><\/p>\n<p>O Governo do Paran\u00e1 formalizou em oito cartas de inten\u00e7\u00e3o encaminhadas neste m\u00eas para diferentes laborat\u00f3rios o desejo de comprar imediatamente 16 milh\u00f5es de doses da vacina contra a Covid-19. Essa quantia pode chegar a 33 milh\u00f5es de doses e depende da capacidade de entrega das farmac\u00eauticas.<\/p>\n<p>Confirmando a negocia\u00e7\u00e3o, os imunizantes seriam encaminhados para o Minist\u00e9rio da Sa\u00fade como forma de incrementar o Programa Nacional de Imuniza\u00e7\u00f5es (PNI), com distribui\u00e7\u00e3o para todos os estados do Pa\u00eds conforme regramento do Governo Federal. Essa regra \u00e9 fruto de um acordo de todos os governadores do Pa\u00eds.<\/p>\n<p>\u201cEstamos conversando com diversos laborat\u00f3rios na tentativa de colaborar com o Minist\u00e9rio da Sa\u00fade. O Paran\u00e1 n\u00e3o parou um s\u00f3 momento em busca de sa\u00eddas para a vacina\u00e7\u00e3o\u201d, destacou o governador Carlos Massa Ratinho Junior durante encontro com os governadores Eduardo Leite (Rio Grande do Sul) e Carlos Mois\u00e9s (Santa Catarina), nesta quarta-feira (17), em Florian\u00f3polis.<\/p>\n<p><em>\u201cEstamos dialogando com fornecedores de todo o mundo, mas aqueles s\u00e9rios e que tenham capacidade de entregar a vacina\u201d, disse o governador.<\/em><\/p>\n<p><strong>Cons\u00f3rcio <\/strong><\/p>\n<p>O plano deve ganhar mais intensidade justamente pela unifica\u00e7\u00e3o de estrat\u00e9gias do Paran\u00e1, Rio Grande do Sul e Santa Catarina em busca de solu\u00e7\u00f5es conjuntas para o enfrentamento ao v\u00edrus.<\/p>\n<p>Uma das medidas discutidas pelos governadores dos tr\u00eas Estados \u00e9 ampliar as reuni\u00f5es com laborat\u00f3rios que produzem o imunizante, fazendo com que o grupo fique numa esp\u00e9cie de fila de espera pela vacina.<\/p>\n<p><em>\u201c\u00c9 um aceno, mostrar que queremos comprar. E se por ventura algu\u00e9m desistir, estaremos l\u00e1 dispostos a adquirir os imunizantes\u201d, afirmou o governador de Santa Catarina, Carlos Mois\u00e9s.<\/em><\/p>\n<p>H\u00e1, inclusive, a inten\u00e7\u00e3o de formatar um fundo financeiro \u00fanico entre os tr\u00eas estados com o objetivo de ganhar musculatura no mercado internacional de imunizantes.<\/p>\n<p>Fonte: Ag\u00eancia de Not\u00edcias do Paran\u00e1<\/p>\n","protected":false},"excerpt":{"rendered":"<p>Se adquiridos, imunizantes ser\u00e3o encaminhados para o Minist\u00e9rio da Sa\u00fade como forma de incrementar o Programa Nacional de Imuniza\u00e7\u00f5es (PNI), com distribui\u00e7\u00e3o para todos os&#8230;<\/p>\n","protected":false},"author":1182,"featured_media":30124,"comment_status":"closed","ping_status":"closed","sticky":false,"template":"","format":"standard","meta":{"footnotes":""},"categories":[6],"tags":[375,1408,2752,2751,109,69,4482,674],"class_list":["post-34336","post","type-post","status-publish","format-standard","has-post-thumbnail","hentry","category-noticias","tag-compra","tag-consorcio","tag-coronavirus","tag-covid-19","tag-parana","tag-portos","tag-programa-nacional-de-imunizacoes","tag-vacina"],"_links":{"self":[{"href":"https:\/\/www.sincomam.org.br\/index.php\/wp-json\/wp\/v2\/posts\/34336","targetHints":{"allow":["GET"]}}],"collection":[{"href":"https:\/\/www.sincomam.org.br\/index.php\/wp-json\/wp\/v2\/posts"}],"about":[{"href":"https:\/\/www.sincomam.org.br\/index.php\/wp-json\/wp\/v2\/types\/post"}],"author":[{"embeddable":true,"href":"https:\/\/www.sincomam.org.br\/index.php\/wp-json\/wp\/v2\/users\/1182"}],"replies":[{"embeddable":true,"href":"https:\/\/www.sincomam.org.br\/index.php\/wp-json\/wp\/v2\/comments?post=34336"}],"version-history":[{"count":2,"href":"https:\/\/www.sincomam.org.br\/index.php\/wp-json\/wp\/v2\/posts\/34336\/revisions"}],"predecessor-version":[{"id":34342,"href":"https:\/\/www.sincomam.org.br\/index.php\/wp-json\/wp\/v2\/posts\/34336\/revisions\/34342"}],"wp:featuredmedia":[{"embeddable":true,"href":"https:\/\/www.sincomam.org.br\/index.php\/wp-json\/wp\/v2\/media\/30124"}],"wp:attachment":[{"href":"https:\/\/www.sincomam.org.br\/index.php\/wp-json\/wp\/v2\/media?parent=34336"}],"wp:term":[{"taxonomy":"category","embeddable":true,"href":"https:\/\/www.sincomam.org.br\/index.php\/wp-json\/wp\/v2\/categories?post=34336"},{"taxonomy":"post_tag","embeddable":true,"href":"https:\/\/www.sincomam.org.br\/index.php\/wp-json\/wp\/v2\/tags?post=34336"}],"curies":[{"name":"wp","href":"https:\/\/api.w.org\/{rel}","templated":true}]}}