{"id":34330,"date":"2021-03-18T14:49:38","date_gmt":"2021-03-18T17:49:38","guid":{"rendered":"http:\/\/www.sincomam.org.br\/?p=34330"},"modified":"2021-03-18T14:49:38","modified_gmt":"2021-03-18T17:49:38","slug":"auxilio-emergencial-pode-ficar-para-abril-diz-guedes","status":"publish","type":"post","link":"https:\/\/www.sincomam.org.br\/index.php\/auxilio-emergencial-pode-ficar-para-abril-diz-guedes\/","title":{"rendered":"Aux\u00edlio emergencial pode ficar para abril, diz Guedes"},"content":{"rendered":"<p><strong><em>Segundo ministro, benef\u00edcio vai variar de R$ 150 a R$ 375<\/em><\/strong><\/p>\n<p>Embora o governo esteja trabalhando para retomar o pagamento do aux\u00edlio emergencial ainda em mar\u00e7o, a primeira parcela da nova rodada dever\u00e1 ficar para abril, disse hoje (12) o ministro da Economia, Paulo Guedes. Em entrevista a um portal de internet, ele declarou que o benef\u00edcio vai variar de R$ 150 a R$ 375.<\/p>\n<p>De acordo com Guedes, o Minist\u00e9rio da Cidadania est\u00e1 definindo a formata\u00e7\u00e3o do programa para decidir em que casos o benefici\u00e1rio receber\u00e1 o menor e o maior valor. O ministro disse que a renova\u00e7\u00e3o do aux\u00edlio emergencial s\u00f3 n\u00e3o saiu antes porque a pol\u00edtica tem um tempo pr\u00f3prio para autorizar os gastos extras.<\/p>\n<p>\u201cN\u00e3o h\u00e1 disputa. Ningu\u00e9m est\u00e1 fazendo pol\u00edtica subindo em cad\u00e1ver\u201d, rebateu. Para Guedes, as contrapartidas fiscais exigidas na proposta de emenda \u00e0 Constitui\u00e7\u00e3o (PEC) Emergencial foram necess\u00e1rias porque o governo n\u00e3o tinha condi\u00e7\u00f5es de continuar a pagar um benef\u00edcio de R$ 600.<\/p>\n<p><em>\u201cUm aux\u00edlio de R$ 600 n\u00e3o seria sustent\u00e1vel e ia virar infla\u00e7\u00e3o, o que prejudicaria os mais pobres. Com R$ 600 por mais dois anos, a infla\u00e7\u00e3o vai a 5%, 6%, 7%\u201d, argumentou o ministro.<\/em><\/p>\n<p><strong>Desidrata\u00e7\u00e3o<\/strong><\/p>\n<p>Em rela\u00e7\u00e3o \u00e0 aprova\u00e7\u00e3o da PEC, Guedes admitiu que o texto n\u00e3o ficou 100% do que a equipe econ\u00f4mica desejava. Para ele, a retirada de pontos propostos pelo governo \u00e9 natural e faz parte da independ\u00eancia dos Poderes. \u201cUma certa desidrata\u00e7\u00e3o \u00e9 natural do processo pol\u00edtico\u201d, declarou.<\/p>\n<p>Mesmo com o resultado, o ministro ressaltou que a PEC passa uma mensagem importante de responsabilidade fiscal, ao instituir um \u201cprotocolo fiscal com gastos\u201d ao determinar contrapartidas para a nova rodada do aux\u00edlio emergencial. \u201cSe o mercado perceber que voc\u00ea est\u00e1 sendo inconsequente, na mesma hora infla\u00e7\u00e3o e juros sobem e o Brasil vai para estagfla\u00e7\u00e3o de novo\u201d, advertiu o ministro.<\/p>\n<p><strong>Seguro-emprego<\/strong><\/p>\n<p>O ministro voltou a confirmar que pretende reinstituir o programa de suspens\u00e3o de contratos e de redu\u00e7\u00e3o de jornada de trabalho para preservar empregos e deu mais detalhes sobre a cria\u00e7\u00e3o do \u201cseguro-emprego\u201d. Segundo Guedes, esse novo seguro representa a antecipa\u00e7\u00e3o do seguro-desemprego e ajudar\u00e1 a financiar parte do Benef\u00edcio Emergencial (BEm), compensa\u00e7\u00e3o paga aos trabalhadores com contrato suspenso ou jornada diminu\u00edda.<\/p>\n<p>\u201cVamos pagar R$ 500 para ele [o trabalhador] ficar protegido por 11 meses. A cobertura \u00e9 maior e \u00e9 mais barata pra n\u00f3s\u201d, acrescentou o ministro. Pela ideia, o governo pretende dividir o custo do BEm com recursos do Fundo de Amparo ao Trabalhador (FAT), por meio da antecipa\u00e7\u00e3o do seguro-desemprego.<\/p>\n<p><strong>Infla\u00e7\u00e3o<\/strong><\/p>\n<p>Sobre a alta da infla\u00e7\u00e3o, Guedes disse que o aumento de pre\u00e7os \u00e9 tempor\u00e1rio, relacionado \u00e0 subida do d\u00f3lar e do pre\u00e7o internacional das commodities (bens prim\u00e1rios com cota\u00e7\u00e3o internacional). Ele tamb\u00e9m atribuiu parte da infla\u00e7\u00e3o ao aumento de demanda por alimentos e material de constru\u00e7\u00e3o relacionada ao aux\u00edlio emergencial.<\/p>\n<p>Segundo o ministro, a aprova\u00e7\u00e3o da autonomia do Banco Central e das reformas fornecer\u00e3o o sinal de que a infla\u00e7\u00e3o n\u00e3o \u00e9 permanente. Para ele, os novos presidentes da C\u00e2mara e do Senado podem destravar a pauta de vota\u00e7\u00e3o e trabalhar pela aprova\u00e7\u00e3o de projetos que atraiam investimentos, como a constru\u00e7\u00e3o de ferrovias, a navega\u00e7\u00e3o de cabotagem, as concess\u00f5es e as privatiza\u00e7\u00f5es da Eletrobras e dos Correios.<\/p>\n<p>Fonte: Ag\u00eancia Brasil<\/p>\n","protected":false},"excerpt":{"rendered":"<p>Segundo ministro, benef\u00edcio vai variar de R$ 150 a R$ 375 Embora o governo esteja trabalhando para retomar o pagamento do aux\u00edlio emergencial ainda em&#8230;<\/p>\n","protected":false},"author":1182,"featured_media":29243,"comment_status":"closed","ping_status":"closed","sticky":false,"template":"","format":"standard","meta":{"footnotes":""},"categories":[6],"tags":[914,4214,2377,61,2752,2751,1597,463,2866,3910,204,2755,1510,3414,767,4480,1538],"class_list":["post-34330","post","type-post","status-publish","format-standard","has-post-thumbnail","hentry","category-noticias","tag-abril","tag-auxilio-emergencial","tag-beneficio","tag-brasil","tag-coronavirus","tag-covid-19","tag-decreto","tag-inflacao","tag-jornada","tag-ministerio-da-economia","tag-pagamento","tag-pandemia","tag-parcela","tag-paulo-guedes","tag-reducao","tag-seguro-emprego","tag-trabalhador"],"_links":{"self":[{"href":"https:\/\/www.sincomam.org.br\/index.php\/wp-json\/wp\/v2\/posts\/34330","targetHints":{"allow":["GET"]}}],"collection":[{"href":"https:\/\/www.sincomam.org.br\/index.php\/wp-json\/wp\/v2\/posts"}],"about":[{"href":"https:\/\/www.sincomam.org.br\/index.php\/wp-json\/wp\/v2\/types\/post"}],"author":[{"embeddable":true,"href":"https:\/\/www.sincomam.org.br\/index.php\/wp-json\/wp\/v2\/users\/1182"}],"replies":[{"embeddable":true,"href":"https:\/\/www.sincomam.org.br\/index.php\/wp-json\/wp\/v2\/comments?post=34330"}],"version-history":[{"count":1,"href":"https:\/\/www.sincomam.org.br\/index.php\/wp-json\/wp\/v2\/posts\/34330\/revisions"}],"predecessor-version":[{"id":34331,"href":"https:\/\/www.sincomam.org.br\/index.php\/wp-json\/wp\/v2\/posts\/34330\/revisions\/34331"}],"wp:featuredmedia":[{"embeddable":true,"href":"https:\/\/www.sincomam.org.br\/index.php\/wp-json\/wp\/v2\/media\/29243"}],"wp:attachment":[{"href":"https:\/\/www.sincomam.org.br\/index.php\/wp-json\/wp\/v2\/media?parent=34330"}],"wp:term":[{"taxonomy":"category","embeddable":true,"href":"https:\/\/www.sincomam.org.br\/index.php\/wp-json\/wp\/v2\/categories?post=34330"},{"taxonomy":"post_tag","embeddable":true,"href":"https:\/\/www.sincomam.org.br\/index.php\/wp-json\/wp\/v2\/tags?post=34330"}],"curies":[{"name":"wp","href":"https:\/\/api.w.org\/{rel}","templated":true}]}}