{"id":34318,"date":"2021-03-18T12:01:49","date_gmt":"2021-03-18T15:01:49","guid":{"rendered":"http:\/\/www.sincomam.org.br\/?p=34318"},"modified":"2021-03-18T12:01:49","modified_gmt":"2021-03-18T15:01:49","slug":"porto-de-paranagua-completa-86-anos-de-operacoes","status":"publish","type":"post","link":"https:\/\/www.sincomam.org.br\/index.php\/porto-de-paranagua-completa-86-anos-de-operacoes\/","title":{"rendered":"Porto de Paranagu\u00e1 completa 86 anos de opera\u00e7\u00f5es"},"content":{"rendered":"<p><strong><em>Considerado a principal porta de sa\u00edda do agroneg\u00f3cio brasileiro, o porto paranaense tem investido R$ 703 milh\u00f5es em obras <\/em><\/strong><\/p>\n<p>O Porto de Paranagu\u00e1 completou 86 anos nesta quarta-feira (17) e pretende inovar suas tecnologias para se tornar hub log\u00edstico da Am\u00e9rica Latina. Considerado a principal porta de sa\u00edda do agroneg\u00f3cio brasileiro, o porto paranaense investe R$ 703 milh\u00f5es em obras.<\/p>\n<p><em>\u201cAcreditamos que \u00e9 poss\u00edvel crescer de forma ordenada e sustent\u00e1vel, sem prejudicar o munic\u00edpio e cumprindo o papel de desenvolver a regi\u00e3o, com gera\u00e7\u00e3o de emprego e renda. Para isso, precisamos ter efici\u00eancia na recep\u00e7\u00e3o, movimenta\u00e7\u00e3o e armazenagem das cargas\u201d, disse o diretor-presidente da Portos do Paran\u00e1, Luiz Fernando Garcia.<\/em><\/p>\n<p>O Corredor de Exporta\u00e7\u00e3o, que permite o uso compartilhado de ber\u00e7os exclusivos para o embarque de gran\u00e9is vegetais, ser\u00e1 modernizado.<\/p>\n<p>O modelo em pool, \u00fanico no Brasil, ser\u00e1 replicado do lado Oeste. A entrega do ber\u00e7o 201, em 2020, com dois novos shiploaders (carregadores de navios) atraiu investimentos privados e novos terminais passam a integrar o sistema.<\/p>\n<p>Os novos arrendamentos dar\u00e3o continuidade ao programa de leil\u00f5es. Al\u00e9m das \u00e1reas PAR 32 e PAR 50, que j\u00e1 est\u00e3o em fase de consulta e audi\u00eancia p\u00fablica, ser\u00e3o arrendadas as \u00e1reas PAR 9, PAR 14 e PAR 15 &#8211; todas voltadas para movimenta\u00e7\u00e3o de gran\u00e9is s\u00f3lidos para exporta\u00e7\u00e3o.<\/p>\n<p><strong>Modais<\/strong><\/p>\n<p>Um dos maiores desafios do crescimento nas atividades portu\u00e1rias \u00e9 o transporte e recep\u00e7\u00e3o das cargas. A empresa p\u00fablica que administra o Porto de Paranagu\u00e1, em conjunto com a comunidade, planeja a cria\u00e7\u00e3o de uma moega \u00fanica, que centralize a chegada de vag\u00f5es aos armaz\u00e9ns e terminais que operam no Corredor de Exporta\u00e7\u00e3o Leste.<\/p>\n<p>Conhecido como Moeg\u00e3o, o projeto prev\u00ea tr\u00eas linhas independentes para receber at\u00e9 180 vag\u00f5es de forma simult\u00e2nea, ligando nove empresas que hoje recebem composi\u00e7\u00f5es de forma separada e reduzindo as interfer\u00eancias no tr\u00e2nsito da cidade.<\/p>\n<p>Para garantir a seguran\u00e7a da navega\u00e7\u00e3o e manter a capacidade de receber navios de grande porte, o Porto de Paranagu\u00e1 realiza o programa de dragagem de manuten\u00e7\u00e3o continuada. Os investimentos s\u00e3o de R$ 403,3 milh\u00f5es.<\/p>\n<p>A empresa p\u00fablica vai realizar, ainda, a explos\u00e3o de um complexo de pedras subterr\u00e2neas, no canal de acesso ao porto, com investimentos de R$ 23,2 milh\u00f5es.<\/p>\n<p><strong>Tecnologia<\/strong><\/p>\n<p>O Porto de Paranagu\u00e1 foi escolhido como piloto e ser\u00e1 o primeiro da Am\u00e9rica Latina a desenvolver o <em>Port Collaborative Decision Making<\/em> (PortCDM), um novo modelo de gerenciamento das opera\u00e7\u00f5es mar\u00edtimas, em tempo real, entre todos os agentes envolvidos nas opera\u00e7\u00f5es de chegada e sa\u00edda de navios.<\/p>\n<p>A empresa p\u00fablica Portos do Paran\u00e1, que administra o porto, firmou uma colabora\u00e7\u00e3o t\u00e9cnica in\u00e9dita com a Fundaci\u00f3n Valenciaport, um centro de pesquisa, inova\u00e7\u00e3o e forma\u00e7\u00e3o do setor log\u00edstico portu\u00e1rio, com sede no porto de Val\u00eancia, na Espanha, e atua\u00e7\u00e3o em portos da Europa, Am\u00e9rica Latina, \u00c1sia e Oriente M\u00e9dio.<\/p>\n","protected":false},"excerpt":{"rendered":"<p>Considerado a principal porta de sa\u00edda do agroneg\u00f3cio brasileiro, o porto paranaense tem investido R$ 703 milh\u00f5es em obras O Porto de Paranagu\u00e1 completou 86&#8230;<\/p>\n","protected":false},"author":1182,"featured_media":34319,"comment_status":"closed","ping_status":"closed","sticky":false,"template":"","format":"standard","meta":{"footnotes":""},"categories":[6],"tags":[2030,61,107,151,132,4474,1483,126,330,148,3922],"class_list":["post-34318","post","type-post","status-publish","format-standard","has-post-thumbnail","hentry","category-noticias","tag-agronegocio","tag-brasil","tag-empresa","tag-exportacao","tag-investimento","tag-modal","tag-modernizacao","tag-obras","tag-operacoes","tag-porto-de-paranagua","tag-portos-do-parana"],"_links":{"self":[{"href":"https:\/\/www.sincomam.org.br\/index.php\/wp-json\/wp\/v2\/posts\/34318","targetHints":{"allow":["GET"]}}],"collection":[{"href":"https:\/\/www.sincomam.org.br\/index.php\/wp-json\/wp\/v2\/posts"}],"about":[{"href":"https:\/\/www.sincomam.org.br\/index.php\/wp-json\/wp\/v2\/types\/post"}],"author":[{"embeddable":true,"href":"https:\/\/www.sincomam.org.br\/index.php\/wp-json\/wp\/v2\/users\/1182"}],"replies":[{"embeddable":true,"href":"https:\/\/www.sincomam.org.br\/index.php\/wp-json\/wp\/v2\/comments?post=34318"}],"version-history":[{"count":1,"href":"https:\/\/www.sincomam.org.br\/index.php\/wp-json\/wp\/v2\/posts\/34318\/revisions"}],"predecessor-version":[{"id":34320,"href":"https:\/\/www.sincomam.org.br\/index.php\/wp-json\/wp\/v2\/posts\/34318\/revisions\/34320"}],"wp:featuredmedia":[{"embeddable":true,"href":"https:\/\/www.sincomam.org.br\/index.php\/wp-json\/wp\/v2\/media\/34319"}],"wp:attachment":[{"href":"https:\/\/www.sincomam.org.br\/index.php\/wp-json\/wp\/v2\/media?parent=34318"}],"wp:term":[{"taxonomy":"category","embeddable":true,"href":"https:\/\/www.sincomam.org.br\/index.php\/wp-json\/wp\/v2\/categories?post=34318"},{"taxonomy":"post_tag","embeddable":true,"href":"https:\/\/www.sincomam.org.br\/index.php\/wp-json\/wp\/v2\/tags?post=34318"}],"curies":[{"name":"wp","href":"https:\/\/api.w.org\/{rel}","templated":true}]}}