{"id":34308,"date":"2021-03-18T08:08:01","date_gmt":"2021-03-18T11:08:01","guid":{"rendered":"http:\/\/www.sincomam.org.br\/?p=34308"},"modified":"2021-03-18T13:04:59","modified_gmt":"2021-03-18T16:04:59","slug":"presidente-da-abac-morre-vitima-da-covid-19","status":"publish","type":"post","link":"https:\/\/www.sincomam.org.br\/index.php\/presidente-da-abac-morre-vitima-da-covid-19\/","title":{"rendered":"Presidente da Abac morre v\u00edtima da Covid-19"},"content":{"rendered":"<p><strong><em>A morte de Cleber Lucas ocorreu na \u00faltima ter\u00e7a-feira (16), segundo informa\u00e7\u00f5es da Associa\u00e7\u00e3o<\/em><\/strong><\/p>\n<p>O Presidente da Associa\u00e7\u00e3o Brasileira de Armadores de Cabotagem (Abac), Cleber Cordeiro Lucas, faleceu na \u00faltima ter\u00e7a-feira (16), por complica\u00e7\u00f5es da Covid-19. \u00a0Cleber Lucas, 60 anos, estava hospitalizado e n\u00e3o resistiu ao novo coronav\u00edrus.<\/p>\n<p>Cleber participou de importantes debates virtuais a respeito do programa BR do Mar, de est\u00edmulo \u00e0 cabotagem, e concedeu entrevista para a Revista SINCOMAM na edi\u00e7\u00e3o dez\/2020.<\/p>\n<p><em>&#8220;A Abac, em nome de seus associados, cumpre o doloroso dever de comunicar o falecimento do seu amigo, l\u00edder e presidente Cleber Lucas, decorrente de complica\u00e7\u00f5es oriundas da Covid-19. Cleber foi um batalhador incans\u00e1vel na defesa do setor. Sentiremos enormemente sua falta. Nossas sinceras condol\u00eancias \u00e0 fam\u00edlia e aos amigos&#8221;, informou a Associa\u00e7\u00e3o &#8211; em nota divulgada no site e redes sociais.<\/em><\/p>\n<p>O SINCOMAM recebeu a not\u00edcia com profundo pesar pela perda de Cleber Lucas.<\/p>\n<p><strong><em>&#8220;Estamos profundamente entristecidos com a perda do companheiro. O setor da navega\u00e7\u00e3o perde um importante representante que deixa uma lacuna a ser preenchida, onde defendia valores e interesses da cabotagem que se junta aos interesses e a soberania do Brasil. Que o Sr. DEUS rico em amor e miseric\u00f3rdia o receba no reino da gl\u00f3ria e conforte os cora\u00e7\u00f5es enlutados de seus familiares&#8221;, escreve o Presidente do SINCOMAM, Alcir da Costa Albernoz.<\/em><\/strong><\/p>\n<p>Foto: divulga\u00e7\u00e3o Abac<\/p>\n","protected":false},"excerpt":{"rendered":"<p>A morte de Cleber Lucas ocorreu na \u00faltima ter\u00e7a-feira (16), segundo informa\u00e7\u00f5es da Associa\u00e7\u00e3o O Presidente da Associa\u00e7\u00e3o Brasileira de Armadores de Cabotagem (Abac), Cleber&#8230;<\/p>\n","protected":false},"author":1182,"featured_media":34311,"comment_status":"closed","ping_status":"closed","sticky":false,"template":"","format":"standard","meta":{"footnotes":""},"categories":[6],"tags":[4237,4470,4472,2752,2751,4471,314,17],"class_list":["post-34308","post","type-post","status-publish","format-standard","has-post-thumbnail","hentry","category-noticias","tag-abac","tag-associacao-brasileira-de-armadores-de-cabotagem","tag-cleber-lucas","tag-coronavirus","tag-covid-19","tag-falecimento","tag-presidente","tag-sincomam"],"_links":{"self":[{"href":"https:\/\/www.sincomam.org.br\/index.php\/wp-json\/wp\/v2\/posts\/34308","targetHints":{"allow":["GET"]}}],"collection":[{"href":"https:\/\/www.sincomam.org.br\/index.php\/wp-json\/wp\/v2\/posts"}],"about":[{"href":"https:\/\/www.sincomam.org.br\/index.php\/wp-json\/wp\/v2\/types\/post"}],"author":[{"embeddable":true,"href":"https:\/\/www.sincomam.org.br\/index.php\/wp-json\/wp\/v2\/users\/1182"}],"replies":[{"embeddable":true,"href":"https:\/\/www.sincomam.org.br\/index.php\/wp-json\/wp\/v2\/comments?post=34308"}],"version-history":[{"count":1,"href":"https:\/\/www.sincomam.org.br\/index.php\/wp-json\/wp\/v2\/posts\/34308\/revisions"}],"predecessor-version":[{"id":34310,"href":"https:\/\/www.sincomam.org.br\/index.php\/wp-json\/wp\/v2\/posts\/34308\/revisions\/34310"}],"wp:featuredmedia":[{"embeddable":true,"href":"https:\/\/www.sincomam.org.br\/index.php\/wp-json\/wp\/v2\/media\/34311"}],"wp:attachment":[{"href":"https:\/\/www.sincomam.org.br\/index.php\/wp-json\/wp\/v2\/media?parent=34308"}],"wp:term":[{"taxonomy":"category","embeddable":true,"href":"https:\/\/www.sincomam.org.br\/index.php\/wp-json\/wp\/v2\/categories?post=34308"},{"taxonomy":"post_tag","embeddable":true,"href":"https:\/\/www.sincomam.org.br\/index.php\/wp-json\/wp\/v2\/tags?post=34308"}],"curies":[{"name":"wp","href":"https:\/\/api.w.org\/{rel}","templated":true}]}}