{"id":34300,"date":"2021-03-17T12:42:11","date_gmt":"2021-03-17T15:42:11","guid":{"rendered":"http:\/\/www.sincomam.org.br\/?p=34300"},"modified":"2021-03-17T12:42:11","modified_gmt":"2021-03-17T15:42:11","slug":"ministro-da-saude-e-senado-debatem-no-dia-25-destino-das-vacinas-e-leitos-de-utis","status":"publish","type":"post","link":"https:\/\/www.sincomam.org.br\/index.php\/ministro-da-saude-e-senado-debatem-no-dia-25-destino-das-vacinas-e-leitos-de-utis\/","title":{"rendered":"Ministro da Sa\u00fade e Senado debatem no dia 25 destino das vacinas e leitos de UTIs"},"content":{"rendered":"<p><em><strong>Convite foi aprovado ontem (16) em sess\u00e3o remota<\/strong><\/em><\/p>\n<p>O presidente da comiss\u00e3o tempor\u00e1ria da covid-19, senador Conf\u00facio Moura (MDB-RO), anunciou que o novo ministro da sa\u00fade, Marcelo Queiroga, ser\u00e1 ouvido no dia 25 de mar\u00e7o, em uma sess\u00e3o de debates tem\u00e1ticos sobre o enfrentamento \u00e0 pandemia no plen\u00e1rio da Casa. Em sess\u00e3o remota, nesta segunda-feira (16), os senadores aprovaram um convite para ida do novo ministro da Sa\u00fade \u00e0 Casa.<img decoding=\"async\" src=\"https:\/\/agenciabrasil.ebc.com.br\/ebc.png?id=1404194&amp;o=node\" \/><img decoding=\"async\" src=\"https:\/\/agenciabrasil.ebc.com.br\/ebc.gif?id=1404194&amp;o=node\" \/><\/p>\n<p>Os parlamentares querem ouvir do m\u00e9dico como fica a aquisi\u00e7\u00e3o de vacinas, a disponibiliza\u00e7\u00e3o de leitos e oxig\u00eanio frente \u00e0 pasta. Queiroga foi anunciado pelo presidente da Rep\u00fablica, Jair Bolsonaro, na \u00faltima segunda-feira (15) como novo ministro da Sa\u00fade, no lugar de Eduardo Pazuello. A nomea\u00e7\u00e3o foi publicada no\u00a0<em>Di\u00e1rio Oficial da Uni\u00e3o.<\/em><\/p>\n<p>Queiroga \u00e9 m\u00e9dico, com \u00e1rea de atua\u00e7\u00e3o em hemodin\u00e2mica e cardiologia intervencionista. Ele tamb\u00e9m \u00e9 presidente da Sociedade Brasileira de Cardiologia.<\/p>\n<p>Hoje a Comiss\u00e3o da Covid-19 presidida por Conf\u00facio, tamb\u00e9m aprovou v\u00e1rios requerimentos de convites para audi\u00eancia p\u00fablica. Al\u00e9m de Marcelo Queiroga, o colegiado quer ouvir nas pr\u00f3ximas reuni\u00f5es representantes da Fiocruz e do Instituto Butantan sobre a produ\u00e7\u00e3o de vacinas para combate ao novo coronav\u00edrus, com Anvisa e distribuidoras de oxig\u00eanio e o ministro das Rela\u00e7\u00f5es Exteriores, Ernesto Ara\u00fajo, para que preste informa\u00e7\u00f5es sobre a\u00e7\u00f5es do minist\u00e9rio para obten\u00e7\u00e3o de vacinas.<\/p>\n<p>Fonte: Ag\u00eancia Brasil<\/p>\n","protected":false},"excerpt":{"rendered":"<p>Convite foi aprovado ontem (16) em sess\u00e3o remota O presidente da comiss\u00e3o tempor\u00e1ria da covid-19, senador Conf\u00facio Moura (MDB-RO), anunciou que o novo ministro da&#8230;<\/p>\n","protected":false},"author":1182,"featured_media":3738,"comment_status":"closed","ping_status":"closed","sticky":false,"template":"","format":"standard","meta":{"footnotes":""},"categories":[6],"tags":[61,2752,2751,172,1283,4279,4469,3570,924,1258,674],"class_list":["post-34300","post","type-post","status-publish","format-standard","has-post-thumbnail","hentry","category-noticias","tag-brasil","tag-coronavirus","tag-covid-19","tag-debate","tag-estados","tag-leito","tag-ministro-da-saudee","tag-ocupacao","tag-senado","tag-uti","tag-vacina"],"_links":{"self":[{"href":"https:\/\/www.sincomam.org.br\/index.php\/wp-json\/wp\/v2\/posts\/34300","targetHints":{"allow":["GET"]}}],"collection":[{"href":"https:\/\/www.sincomam.org.br\/index.php\/wp-json\/wp\/v2\/posts"}],"about":[{"href":"https:\/\/www.sincomam.org.br\/index.php\/wp-json\/wp\/v2\/types\/post"}],"author":[{"embeddable":true,"href":"https:\/\/www.sincomam.org.br\/index.php\/wp-json\/wp\/v2\/users\/1182"}],"replies":[{"embeddable":true,"href":"https:\/\/www.sincomam.org.br\/index.php\/wp-json\/wp\/v2\/comments?post=34300"}],"version-history":[{"count":1,"href":"https:\/\/www.sincomam.org.br\/index.php\/wp-json\/wp\/v2\/posts\/34300\/revisions"}],"predecessor-version":[{"id":34301,"href":"https:\/\/www.sincomam.org.br\/index.php\/wp-json\/wp\/v2\/posts\/34300\/revisions\/34301"}],"wp:featuredmedia":[{"embeddable":true,"href":"https:\/\/www.sincomam.org.br\/index.php\/wp-json\/wp\/v2\/media\/3738"}],"wp:attachment":[{"href":"https:\/\/www.sincomam.org.br\/index.php\/wp-json\/wp\/v2\/media?parent=34300"}],"wp:term":[{"taxonomy":"category","embeddable":true,"href":"https:\/\/www.sincomam.org.br\/index.php\/wp-json\/wp\/v2\/categories?post=34300"},{"taxonomy":"post_tag","embeddable":true,"href":"https:\/\/www.sincomam.org.br\/index.php\/wp-json\/wp\/v2\/tags?post=34300"}],"curies":[{"name":"wp","href":"https:\/\/api.w.org\/{rel}","templated":true}]}}