{"id":34298,"date":"2021-03-17T12:33:21","date_gmt":"2021-03-17T15:33:21","guid":{"rendered":"http:\/\/www.sincomam.org.br\/?p=34298"},"modified":"2021-03-17T12:33:21","modified_gmt":"2021-03-17T15:33:21","slug":"ministerio-mantem-previsao-de-crescimento-da-economia-em-32-este-ano","status":"publish","type":"post","link":"https:\/\/www.sincomam.org.br\/index.php\/ministerio-mantem-previsao-de-crescimento-da-economia-em-32-este-ano\/","title":{"rendered":"Minist\u00e9rio mant\u00e9m previs\u00e3o de crescimento da economia em 3,2% este ano"},"content":{"rendered":"<p><strong><em>Proje\u00e7\u00e3o para infla\u00e7\u00e3o \u00e9 de 4,4%<\/em><\/strong><\/p>\n<p>A Secretaria de Pol\u00edtica Econ\u00f4mica (SPE) do Minist\u00e9rio da Economia manteve a proje\u00e7\u00e3o para o crescimento da economia este ano e elevou a estimativa para a infla\u00e7\u00e3o, por influ\u00eancia da alta nos pre\u00e7os dos alimentos. As proje\u00e7\u00f5es est\u00e3o no Boletim MacroFiscal divulgado hoje (17).<\/p>\n<p>A estimativa para o aumento do Produto Interno Bruto (PIB) foi mantida em 3,2%, em rela\u00e7\u00e3o ao boletim divulgado em novembro do ano passado. O PIB \u00e9 a soma de todos os bens e servi\u00e7os produzidos no pa\u00eds. \u201cAs incertezas s\u00e3o elevadas com os desafios de enfrentamento \u00e0 pandemia, mas deve-se considerar os indicadores no primeiro bimestre que apontam continuidade da recupera\u00e7\u00e3o da atividade econ\u00f4mica\u201d, informou a SPE. \u201cContudo, o desempenho da economia no m\u00eas de mar\u00e7o ainda \u00e9 incerto, devido a novos fatores que est\u00e3o surgindo em decorr\u00eancia da pandemia, como a maior rigidez das regras de distanciamento, e afetam a atividade econ\u00f4mica\u201d, acrescentou.<\/p>\n<p>De acordo com o boletim os indicadores de confian\u00e7a refletem melhoras das expectativas de empres\u00e1rios e consumidores, com o indicador do com\u00e9rcio em alta de 0,2% em fevereiro de 2021, ante o m\u00eas anterior, com ajuste sazonal, e a confian\u00e7a do consumidor aumentando em 2,9%. Na proje\u00e7\u00e3o para o primeiro bimestre de 2021, espera-se que a ind\u00fastria, agropecu\u00e1ria e servi\u00e7os sejam os principais motores para a retomada. J\u00e1 no com\u00e9rcio, nota-se o segundo arrefecimento seguido no varejo restrito, com recuo de 0,2% em janeiro de 2021 ante o m\u00eas anterior, com ajuste sazonal.<\/p>\n<p>Para o Minist\u00e9rio da Economia, o caminho para o maior crescimento econ\u00f4mico passa pela continuidade da agenda de reformas estruturais e pol\u00edticas de consolida\u00e7\u00e3o fiscal. \u201cDessa forma, a vacina\u00e7\u00e3o em massa vai garantir o retorno mais r\u00e1pido do mercado de trabalho via redu\u00e7\u00e3o das medidas restritivas de combate \u00e0 pandemia; a consolida\u00e7\u00e3o fiscal vai manter um ambiente econ\u00f4mico prop\u00edcio ao investimento privado, \u00e0 estabilidade da infla\u00e7\u00e3o e ao risco-pa\u00eds menor; e reformas pr\u00f3-mercado v\u00e3o dinamizar o crescimento de longo prazo da economia brasileira\u201d, diz o boletim.<\/p>\n<p>Para os pr\u00f3ximos anos, de 2022 a 2025, a estimativa de crescimento do PIB se manteve em 2,5%. \u201cA manuten\u00e7\u00e3o das proje\u00e7\u00f5es se deveu, principalmente, \u00e0 recupera\u00e7\u00e3o econ\u00f4mica do segundo semestre de 2020, com bons resultados da ind\u00fastria e do com\u00e9rcio e, no \u00faltimo trimestre, do setor de servi\u00e7os. Para o primeiro trimestre deste ano, ainda se espera retra\u00e7\u00e3o de 0,7% na margem com ajuste sazonal, com crescimento positivo nos demais trimestres. Essa proje\u00e7\u00e3o negativa no come\u00e7o do ano adv\u00e9m das novas necessidades de isolamento social em diversas regi\u00f5es do pa\u00eds\u201d, explicou a SPE.<\/p>\n<p><strong>Infla\u00e7\u00e3o<\/strong><\/p>\n<p>A proje\u00e7\u00e3o de infla\u00e7\u00e3o pelo \u00cdndice Nacional de Pre\u00e7os ao Consumidor Amplo (IPCA) para 2020 \u00e9 de 4,4%. \u201cO principal respons\u00e1vel pela eleva\u00e7\u00e3o da proje\u00e7\u00e3o foi o pre\u00e7o dos alimentos. Todavia, as expectativas a partir de 2022 apontam converg\u00eancia da infla\u00e7\u00e3o para o centro da meta\u201d, diz o boletim.<\/p>\n<p>O \u00cdndice Nacional de Pre\u00e7os ao Consumidor (INPC) dever\u00e1 encerrar este ano com varia\u00e7\u00e3o de 4,27%. A proje\u00e7\u00e3o para o \u00cdndice Geral de Pre\u00e7os \u2013 Disponibilidade Interna (IGP-DI), que inclui tamb\u00e9m o setor atacadista e o custo da constru\u00e7\u00e3o civil, al\u00e9m do consumidor final, \u00e9 de 5,06%.<\/p>\n<p><em>\u201cConforme Ata do Comit\u00ea de Pol\u00edtica Monet\u00e1ria \u2013 Copom [do Banco Central], referente \u00e0 236\u00aa Reuni\u00e3o, publicada em janeiro de 2021, a recente eleva\u00e7\u00e3o no pre\u00e7o de commodities internacionais e seus reflexos sobre os pre\u00e7os de alimentos e combust\u00edveis implicam eleva\u00e7\u00e3o das proje\u00e7\u00f5es de infla\u00e7\u00e3o para meses \u00e0 frente. Todavia, apesar da press\u00e3o inflacion\u00e1ria mais forte no curto prazo, o comit\u00ea manteve o diagn\u00f3stico de que os choques atuais s\u00e3o tempor\u00e1rios, ainda que tenham se revelado mais persistentes do que o esperado\u201d, explicou a SPE.<\/em><\/p>\n<p>Para 2021, a meta de infla\u00e7\u00e3o, definida pelo Conselho Monet\u00e1rio Nacional, \u00e9 de 3,75%, com intervalo de toler\u00e2ncia de 1,5 ponto percentual para cima ou para baixo. Ou seja, o limite inferior \u00e9 2,25% e o superior \u00e9 5,25%. Para 2022, a meta \u00e9 3,5%, tamb\u00e9m com intervalo de 1,5 ponto percentual para cima ou para baixo.<\/p>\n<p><strong>Perspectivas<\/strong><\/p>\n<p>O secret\u00e1rio de Pol\u00edtica Econ\u00f4mica do Minist\u00e9rio da Economia, Adolfo Sachsida, explicou a import\u00e2ncia da vacina\u00e7\u00e3o em massa. \u201cEm crises passadas, o normal \u00e9 o desemprego ocorrer no setor formal da economia e o setor informal agir como um colch\u00e3o. Nessa crise foi diferente, o grosso do desemprego veio do setor informal. Isso \u00e9 importante porque o setor informal \u00e9 mais din\u00e2mico, ent\u00e3o, t\u00e3o logo consigamos vacinar a popula\u00e7\u00e3o brasileira, n\u00f3s teremos a redu\u00e7\u00e3o das medidas de distanciamento social e o setor de servi\u00e7os, o setor informal, vai ter um grande dinamismo\u201d, disse.<\/p>\n<p>Al\u00e9m disso, segundo Sachsida, as pol\u00edticas do governo de manuten\u00e7\u00e3o do emprego formal e de aumento de cr\u00e9dito para empresas limitaram a queda de produtividade e constru\u00edram uma base mais s\u00f3lida para retomada econ\u00f4mica. \u201cAl\u00e9m disso, a agenda legislativa de consolida\u00e7\u00e3o fiscal e pr\u00f3-mercado est\u00e1 avan\u00e7ando mesmo durante a pandemia. Estamos lan\u00e7ando a base para o crescimento sustent\u00e1vel de longo prazo\u201d, disse.<\/p>\n<p>Fonte: Ag\u00eancia Brasil<\/p>\n","protected":false},"excerpt":{"rendered":"<p>Proje\u00e7\u00e3o para infla\u00e7\u00e3o \u00e9 de 4,4% A Secretaria de Pol\u00edtica Econ\u00f4mica (SPE) do Minist\u00e9rio da Economia manteve a proje\u00e7\u00e3o para o crescimento da economia este&#8230;<\/p>\n","protected":false},"author":1182,"featured_media":17996,"comment_status":"closed","ping_status":"closed","sticky":false,"template":"","format":"standard","meta":{"footnotes":""},"categories":[6],"tags":[463,2172,3910,293,3577],"class_list":["post-34298","post","type-post","status-publish","format-standard","has-post-thumbnail","hentry","category-noticias","tag-inflacao","tag-meta","tag-ministerio-da-economia","tag-pib","tag-spe"],"_links":{"self":[{"href":"https:\/\/www.sincomam.org.br\/index.php\/wp-json\/wp\/v2\/posts\/34298","targetHints":{"allow":["GET"]}}],"collection":[{"href":"https:\/\/www.sincomam.org.br\/index.php\/wp-json\/wp\/v2\/posts"}],"about":[{"href":"https:\/\/www.sincomam.org.br\/index.php\/wp-json\/wp\/v2\/types\/post"}],"author":[{"embeddable":true,"href":"https:\/\/www.sincomam.org.br\/index.php\/wp-json\/wp\/v2\/users\/1182"}],"replies":[{"embeddable":true,"href":"https:\/\/www.sincomam.org.br\/index.php\/wp-json\/wp\/v2\/comments?post=34298"}],"version-history":[{"count":1,"href":"https:\/\/www.sincomam.org.br\/index.php\/wp-json\/wp\/v2\/posts\/34298\/revisions"}],"predecessor-version":[{"id":34299,"href":"https:\/\/www.sincomam.org.br\/index.php\/wp-json\/wp\/v2\/posts\/34298\/revisions\/34299"}],"wp:featuredmedia":[{"embeddable":true,"href":"https:\/\/www.sincomam.org.br\/index.php\/wp-json\/wp\/v2\/media\/17996"}],"wp:attachment":[{"href":"https:\/\/www.sincomam.org.br\/index.php\/wp-json\/wp\/v2\/media?parent=34298"}],"wp:term":[{"taxonomy":"category","embeddable":true,"href":"https:\/\/www.sincomam.org.br\/index.php\/wp-json\/wp\/v2\/categories?post=34298"},{"taxonomy":"post_tag","embeddable":true,"href":"https:\/\/www.sincomam.org.br\/index.php\/wp-json\/wp\/v2\/tags?post=34298"}],"curies":[{"name":"wp","href":"https:\/\/api.w.org\/{rel}","templated":true}]}}