{"id":34292,"date":"2021-03-17T08:00:36","date_gmt":"2021-03-17T11:00:36","guid":{"rendered":"http:\/\/www.sincomam.org.br\/?p=34292"},"modified":"2021-03-16T15:08:09","modified_gmt":"2021-03-16T18:08:09","slug":"diretoria-da-anp-participam-do-lancamento-do-promar","status":"publish","type":"post","link":"https:\/\/www.sincomam.org.br\/index.php\/diretoria-da-anp-participam-do-lancamento-do-promar\/","title":{"rendered":"Diretoria da ANP participam do lan\u00e7amento do Promar"},"content":{"rendered":"<p><strong><em>Programa voltado a campos mar\u00edtimos<\/em><\/strong><\/p>\n<p>A Ag\u00eancia Nacional do Petr\u00f3leo, G\u00e1s Natural e Biocombust\u00edveis (ANP) informa que participou do evento virtual de lan\u00e7amento do Programa de Revitaliza\u00e7\u00e3o e Incentivo \u00e0 Produ\u00e7\u00e3o de Campos Mar\u00edtimos (Promar), realizado pelo Minist\u00e9rio de Minas e Energia (MME) e pela Empresa de Pesquisa Energ\u00e9tica (EPE).<\/p>\n<p>O evento contou com a participa\u00e7\u00e3o do Diretor-Geral, Rodolfo Saboia, e os diretores Symone Ara\u00fajo,\u00a0 Jos\u00e9 Ces\u00e1rio Cecchi, Dirceu Amorelli e Marcelo Castilho.<\/p>\n<p>O Diretor-Geral da ANP destacou a import\u00e2ncia dos campos mar\u00edtimos do p\u00f3s-sal, que j\u00e1 foram os maiores produtores nacionais at\u00e9 perderem o protagonismo para o pr\u00e9-sal.<\/p>\n<p><em>\u201cHoje a produ\u00e7\u00e3o do p\u00f3s-sal, de 850 mil barris de \u00f3leo equivalente (boe) por dia, \u00e9 menos da metade do que era em 2010, representando atualmente apenas 23% da produ\u00e7\u00e3o nacional. N\u00e3o se pode esquecer, contudo, da relev\u00e2ncia desse ambiente, que j\u00e1 produziu cerca de 16 bilh\u00f5es de boe ao longo de sua hist\u00f3ria, ou seja, 63% de tudo o que j\u00e1 foi extra\u00eddo de petr\u00f3leo e g\u00e1s no Brasil at\u00e9 o momento. E ainda h\u00e1 muito mais a produzir. As descobertas declaradas no Boletim Anual de Reservas da ANP mostram que produzimos apenas cerca de 17% dos volumes in place do reservat\u00f3rio do p\u00f3s-sal em mar\u201d, afirmou.\u00a0 <\/em><\/p>\n<p>Os objetivos do Promar contemplam a cria\u00e7\u00e3o de condi\u00e7\u00f5es para a revitaliza\u00e7\u00e3o dos campos mar\u00edtimos maduros e de melhores condi\u00e7\u00f5es para o aproveitamento econ\u00f4mico de acumula\u00e7\u00f5es de petr\u00f3leo e g\u00e1s natural consideradas como de economicidade marginal.<\/p>\n<p>*Com informa\u00e7\u00f5es da ANP<\/p>\n","protected":false},"excerpt":{"rendered":"<p>Programa voltado a campos mar\u00edtimos A Ag\u00eancia Nacional do Petr\u00f3leo, G\u00e1s Natural e Biocombust\u00edveis (ANP) informa que participou do evento virtual de lan\u00e7amento do Programa&#8230;<\/p>\n","protected":false},"author":1182,"featured_media":28877,"comment_status":"closed","ping_status":"closed","sticky":false,"template":"","format":"standard","meta":{"footnotes":""},"categories":[6],"tags":[56,1092,51,73,4467],"class_list":["post-34292","post","type-post","status-publish","format-standard","has-post-thumbnail","hentry","category-noticias","tag-anp","tag-diretoria","tag-lancamento","tag-participacao","tag-promar"],"_links":{"self":[{"href":"https:\/\/www.sincomam.org.br\/index.php\/wp-json\/wp\/v2\/posts\/34292","targetHints":{"allow":["GET"]}}],"collection":[{"href":"https:\/\/www.sincomam.org.br\/index.php\/wp-json\/wp\/v2\/posts"}],"about":[{"href":"https:\/\/www.sincomam.org.br\/index.php\/wp-json\/wp\/v2\/types\/post"}],"author":[{"embeddable":true,"href":"https:\/\/www.sincomam.org.br\/index.php\/wp-json\/wp\/v2\/users\/1182"}],"replies":[{"embeddable":true,"href":"https:\/\/www.sincomam.org.br\/index.php\/wp-json\/wp\/v2\/comments?post=34292"}],"version-history":[{"count":1,"href":"https:\/\/www.sincomam.org.br\/index.php\/wp-json\/wp\/v2\/posts\/34292\/revisions"}],"predecessor-version":[{"id":34293,"href":"https:\/\/www.sincomam.org.br\/index.php\/wp-json\/wp\/v2\/posts\/34292\/revisions\/34293"}],"wp:featuredmedia":[{"embeddable":true,"href":"https:\/\/www.sincomam.org.br\/index.php\/wp-json\/wp\/v2\/media\/28877"}],"wp:attachment":[{"href":"https:\/\/www.sincomam.org.br\/index.php\/wp-json\/wp\/v2\/media?parent=34292"}],"wp:term":[{"taxonomy":"category","embeddable":true,"href":"https:\/\/www.sincomam.org.br\/index.php\/wp-json\/wp\/v2\/categories?post=34292"},{"taxonomy":"post_tag","embeddable":true,"href":"https:\/\/www.sincomam.org.br\/index.php\/wp-json\/wp\/v2\/tags?post=34292"}],"curies":[{"name":"wp","href":"https:\/\/api.w.org\/{rel}","templated":true}]}}