{"id":34287,"date":"2021-03-16T14:31:40","date_gmt":"2021-03-16T17:31:40","guid":{"rendered":"http:\/\/www.sincomam.org.br\/?p=34287"},"modified":"2021-03-16T14:31:40","modified_gmt":"2021-03-16T17:31:40","slug":"moderna-inicia-testes-da-vacina-contra-covid-19-em-criancas-e-bebes","status":"publish","type":"post","link":"https:\/\/www.sincomam.org.br\/index.php\/moderna-inicia-testes-da-vacina-contra-covid-19-em-criancas-e-bebes\/","title":{"rendered":"Moderna inicia testes da vacina contra covid-19 em crian\u00e7as e beb\u00eas"},"content":{"rendered":"<p><strong><em>Ensaio est\u00e1 sendo realizado em 6,75 mil crian\u00e7as dos EUA e do Canad\u00e1<\/em><\/strong><\/p>\n<p>A farmac\u00eautica Moderna anunciou que vai a testar a vacina contra a covid-19 em crian\u00e7as e beb\u00eas. O estudo, chamado de<strong>\u00a0<a href=\"http:\/\/www.kidcovestudy.com\/\" target=\"_blank\" rel=\"noopener noreferrer\">KidCove<\/a>,<\/strong> encontra-se em fase 2 de 3.<\/p>\n<p>De acordo com a farmac\u00eautica, os estudos v\u00e3o testar a seguran\u00e7a do imunizante em 6,75 mil crian\u00e7as com idades entre 6 meses e 11 anos no Canad\u00e1 e nos Estados Unidos. Em outro estudo, a vacina ser\u00e1 testada em 3 mil crian\u00e7as e jovens de 12 a 17 anos. Os participantes v\u00e3o receber duas doses da vacina ou um placebo, separados por 28 dias e em quantidades distintas.<\/p>\n<p>A farmac\u00eautica vai acompanhar o efeito do f\u00e1rmaco ao longo de um ano, n\u00e3o s\u00f3 em termos de resposta imunol\u00f3gica, mas tamb\u00e9m para verificar se provoca efeitos secund\u00e1rios.<\/p>\n<p>O estudo tem colabora\u00e7\u00e3o do Niaid (Instituto Nacional de Alergia e Doen\u00e7as Infecciosas, em portugu\u00eas), parte do NIH (Institutos Nacionais de Sa\u00fade) e da Barda (Autoridade Biom\u00e9dica de Pesquisa e Desenvolvimento Avan\u00e7ado)<\/p>\n<p>Foto: divulga\u00e7\u00e3o Moderna<\/p>\n","protected":false},"excerpt":{"rendered":"<p>Ensaio est\u00e1 sendo realizado em 6,75 mil crian\u00e7as dos EUA e do Canad\u00e1 A farmac\u00eautica Moderna anunciou que vai a testar a vacina contra a&#8230;<\/p>\n","protected":false},"author":1182,"featured_media":34288,"comment_status":"closed","ping_status":"closed","sticky":false,"template":"","format":"standard","meta":{"footnotes":""},"categories":[6],"tags":[4464,4465,2752,2751,3228,1315,848,266,3885,864,674],"class_list":["post-34287","post","type-post","status-publish","format-standard","has-post-thumbnail","hentry","category-noticias","tag-bebes","tag-canada","tag-coronavirus","tag-covid-19","tag-criancas","tag-desenvolvimento","tag-estudos","tag-eua","tag-moderna","tag-teste","tag-vacina"],"_links":{"self":[{"href":"https:\/\/www.sincomam.org.br\/index.php\/wp-json\/wp\/v2\/posts\/34287","targetHints":{"allow":["GET"]}}],"collection":[{"href":"https:\/\/www.sincomam.org.br\/index.php\/wp-json\/wp\/v2\/posts"}],"about":[{"href":"https:\/\/www.sincomam.org.br\/index.php\/wp-json\/wp\/v2\/types\/post"}],"author":[{"embeddable":true,"href":"https:\/\/www.sincomam.org.br\/index.php\/wp-json\/wp\/v2\/users\/1182"}],"replies":[{"embeddable":true,"href":"https:\/\/www.sincomam.org.br\/index.php\/wp-json\/wp\/v2\/comments?post=34287"}],"version-history":[{"count":1,"href":"https:\/\/www.sincomam.org.br\/index.php\/wp-json\/wp\/v2\/posts\/34287\/revisions"}],"predecessor-version":[{"id":34289,"href":"https:\/\/www.sincomam.org.br\/index.php\/wp-json\/wp\/v2\/posts\/34287\/revisions\/34289"}],"wp:featuredmedia":[{"embeddable":true,"href":"https:\/\/www.sincomam.org.br\/index.php\/wp-json\/wp\/v2\/media\/34288"}],"wp:attachment":[{"href":"https:\/\/www.sincomam.org.br\/index.php\/wp-json\/wp\/v2\/media?parent=34287"}],"wp:term":[{"taxonomy":"category","embeddable":true,"href":"https:\/\/www.sincomam.org.br\/index.php\/wp-json\/wp\/v2\/categories?post=34287"},{"taxonomy":"post_tag","embeddable":true,"href":"https:\/\/www.sincomam.org.br\/index.php\/wp-json\/wp\/v2\/tags?post=34287"}],"curies":[{"name":"wp","href":"https:\/\/api.w.org\/{rel}","templated":true}]}}