{"id":34280,"date":"2021-03-16T13:01:46","date_gmt":"2021-03-16T16:01:46","guid":{"rendered":"http:\/\/www.sincomam.org.br\/?p=34280"},"modified":"2021-03-16T13:01:46","modified_gmt":"2021-03-16T16:01:46","slug":"recadastramento-anual-de-aposentados-e-pensionistas-da-uniao-e-adiado","status":"publish","type":"post","link":"https:\/\/www.sincomam.org.br\/index.php\/recadastramento-anual-de-aposentados-e-pensionistas-da-uniao-e-adiado\/","title":{"rendered":"Recadastramento anual de aposentados e pensionistas da Uni\u00e3o \u00e9 adiado"},"content":{"rendered":"<p><strong><em>Prova de vida est\u00e1 suspensa at\u00e9 31 de maio<\/em><\/strong><\/p>\n<p>O Minist\u00e9rio da Economia publicou no Di\u00e1rio Oficial da Uni\u00e3o de hoje (16) instru\u00e7\u00e3o normativa que suspende at\u00e9 31 de maio o recadastramento anual de aposentados, pensionistas e anistiados pol\u00edticos civis \u2013 procedimento adotado como prova de vida para a manuten\u00e7\u00e3o de benef\u00edcios.<\/p>\n<p>Segundo a medida, ap\u00f3s essa data o benefici\u00e1rio dever\u00e1 fazer a comprova\u00e7\u00e3o de que est\u00e1 vivo para a continuidade do pagamento de proventos e pens\u00f5es e recebimento de eventuais retroativos. At\u00e9 l\u00e1, estar\u00e3o suspensas as visitas t\u00e9cnicas para fins de comprova\u00e7\u00e3o de vida.<\/p>\n<p>A decis\u00e3o n\u00e3o se aplica ao recadastramento de aposentado, pensionista ou anistiado pol\u00edtico cujo pagamento do benef\u00edcio esteja suspenso na data de publica\u00e7\u00e3o da instru\u00e7\u00e3o.<\/p>\n<p>No entanto, est\u00e1 previsto que as Unidades de Gest\u00e3o de Pessoas poder\u00e3o receber solicita\u00e7\u00f5es de restabelecimento excepcional dos pagamentos de proventos e pens\u00f5es suspensos por meio do \u201cm\u00f3dulo de Requerimento do Sigepe, tipo de Documento \u2018Restabelecimento de Pagamento \u2013 covid-19\u2019 &#8220;.<\/p>\n<p>A suspens\u00e3o da necessidade de comprova\u00e7\u00e3o de vida \u00e9 uma das medidas de prote\u00e7\u00e3o visando o enfrentamento da emerg\u00eancia de sa\u00fade p\u00fablica decorrente do novo coronav\u00edrus.<\/p>\n<p>Fonte: Ag\u00eancia Brasil<\/p>\n","protected":false},"excerpt":{"rendered":"<p>Prova de vida est\u00e1 suspensa at\u00e9 31 de maio O Minist\u00e9rio da Economia publicou no Di\u00e1rio Oficial da Uni\u00e3o de hoje (16) instru\u00e7\u00e3o normativa que&#8230;<\/p>\n","protected":false},"author":1182,"featured_media":20357,"comment_status":"closed","ping_status":"closed","sticky":false,"template":"","format":"standard","meta":{"footnotes":""},"categories":[6],"tags":[3400,420,2752,2751,2755,2902,2296,954],"class_list":["post-34280","post","type-post","status-publish","format-standard","has-post-thumbnail","hentry","category-noticias","tag-adiado","tag-aposentados","tag-coronavirus","tag-covid-19","tag-pandemia","tag-pensionistas","tag-recadastramento","tag-uniao"],"_links":{"self":[{"href":"https:\/\/www.sincomam.org.br\/index.php\/wp-json\/wp\/v2\/posts\/34280","targetHints":{"allow":["GET"]}}],"collection":[{"href":"https:\/\/www.sincomam.org.br\/index.php\/wp-json\/wp\/v2\/posts"}],"about":[{"href":"https:\/\/www.sincomam.org.br\/index.php\/wp-json\/wp\/v2\/types\/post"}],"author":[{"embeddable":true,"href":"https:\/\/www.sincomam.org.br\/index.php\/wp-json\/wp\/v2\/users\/1182"}],"replies":[{"embeddable":true,"href":"https:\/\/www.sincomam.org.br\/index.php\/wp-json\/wp\/v2\/comments?post=34280"}],"version-history":[{"count":1,"href":"https:\/\/www.sincomam.org.br\/index.php\/wp-json\/wp\/v2\/posts\/34280\/revisions"}],"predecessor-version":[{"id":34281,"href":"https:\/\/www.sincomam.org.br\/index.php\/wp-json\/wp\/v2\/posts\/34280\/revisions\/34281"}],"wp:featuredmedia":[{"embeddable":true,"href":"https:\/\/www.sincomam.org.br\/index.php\/wp-json\/wp\/v2\/media\/20357"}],"wp:attachment":[{"href":"https:\/\/www.sincomam.org.br\/index.php\/wp-json\/wp\/v2\/media?parent=34280"}],"wp:term":[{"taxonomy":"category","embeddable":true,"href":"https:\/\/www.sincomam.org.br\/index.php\/wp-json\/wp\/v2\/categories?post=34280"},{"taxonomy":"post_tag","embeddable":true,"href":"https:\/\/www.sincomam.org.br\/index.php\/wp-json\/wp\/v2\/tags?post=34280"}],"curies":[{"name":"wp","href":"https:\/\/api.w.org\/{rel}","templated":true}]}}