{"id":34276,"date":"2021-03-16T12:57:19","date_gmt":"2021-03-16T15:57:19","guid":{"rendered":"http:\/\/www.sincomam.org.br\/?p=34276"},"modified":"2021-03-23T14:42:29","modified_gmt":"2021-03-23T17:42:29","slug":"marcelo-queiroga-e-nomeado-o-novo-ministro-da-saude","status":"publish","type":"post","link":"https:\/\/www.sincomam.org.br\/index.php\/marcelo-queiroga-e-nomeado-o-novo-ministro-da-saude\/","title":{"rendered":"Marcelo Queiroga \u00e9 indicado para o cargo de Ministro da Sa\u00fade"},"content":{"rendered":"<p><strong><em>M\u00e9dico cardiologista substituir\u00e1 o general Eduardo Pazuello; Primeira reuni\u00e3o ocorre nesta ter\u00e7a-feira<\/em><\/strong><\/p>\n<p>O presidente Jair Bolsonaro anunciou na noite desta segunda-feira (15), nas redes sociais, o m\u00e9dico cardiologista Marcelo Queiroga como o novo Ministro da Sa\u00fade. \u00a0O m\u00e9dico ser\u00e1 o sucessor do general Eduardo Pazuello.<\/p>\n<p>Durante a primeira reuni\u00e3o no Minist\u00e9rio da Sa\u00fade, realizada na manh\u00e3 desta ter\u00e7a-feira (16), Queiroga afirmou que vai executar a pol\u00edtica definida pelo governo do presidente.<\/p>\n<p><em>&#8220;O governo est\u00e1 trabalhando. As pol\u00edticas p\u00fablicas est\u00e3o sendo colocadas em pr\u00e1tica. O ministro Pazuello anunciou todo o cronograma da vacina\u00e7\u00e3o. A pol\u00edtica \u00e9 do governo Bolsonaro. A pol\u00edtica n\u00e3o \u00e9 do ministro da Sa\u00fade. O ministro da Sa\u00fade executa a pol\u00edtica do governo. O ministro Pazuello tem trabalhado arduamente para melhorar as condi\u00e7\u00f5es sanit\u00e1rias do Brasil e eu fui convocado pelo presidente Bolsonaro para dar continuidade a esse trabalho&#8221;, disse Queiroga.<\/em><\/p>\n<p>Marcelo Queiroga est\u00e1 reunido com Pazuello e ainda n\u00e3o teve sua nomea\u00e7\u00e3o publicada no Di\u00e1rio Oficial da Uni\u00e3o. Segundo o presidente Bolsonaro, a transi\u00e7\u00e3o deve durar cerca de duas semanas.<\/p>\n<p>Com a indica\u00e7\u00e3o, Queiroga ser\u00e1 o quarto ministro da Sa\u00fade desde o come\u00e7o da pandemia de Covid-19, h\u00e1 exatamente um ano. Passaram pela pasta, neste per\u00edodo, os m\u00e9dicos Luiz Henrique Mandetta e Nelson Teich, seguido depois pelo general Eduardo Pazuello, do Ex\u00e9rcito.<\/p>\n<p><b>Carreira<\/b><\/p>\n<p>Marcelo Ant\u00f4nio Cartaxo Queiroga Lopes formou-se em Medicina em 1988, pela Universidade Federal da Para\u00edba (UFPB). Ele fez especializa\u00e7\u00e3o em cardiologia no Hospital Adventista Silvestre, no Rio de Janeiro. O m\u00e9dico atua em Hemodin\u00e2mica e Cardiologia Intervencionista. Queiroga tamb\u00e9m \u00e9 presidente da Sociedade Brasileira de Cardiologia.<\/p>\n<p>*Com informa\u00e7\u00f5es da Ag\u00eancia Brasil<\/p>\n<p>Foto: divulga\u00e7\u00e3o- Ministro da Sa\u00fade, Marcelo Queiroga.<\/p>\n","protected":false},"excerpt":{"rendered":"<p>M\u00e9dico cardiologista substituir\u00e1 o general Eduardo Pazuello; Primeira reuni\u00e3o ocorre nesta ter\u00e7a-feira O presidente Jair Bolsonaro anunciou na noite desta segunda-feira (15), nas redes sociais,&#8230;<\/p>\n","protected":false},"author":1182,"featured_media":34278,"comment_status":"closed","ping_status":"closed","sticky":false,"template":"","format":"standard","meta":{"footnotes":""},"categories":[6],"tags":[4459,4457,3889,4458,4460],"class_list":["post-34276","post","type-post","status-publish","format-standard","has-post-thumbnail","hentry","category-noticias","tag-cardiologista","tag-marcelo-queiroga","tag-medico","tag-ministro-da-saude","tag-nomeacao"],"_links":{"self":[{"href":"https:\/\/www.sincomam.org.br\/index.php\/wp-json\/wp\/v2\/posts\/34276","targetHints":{"allow":["GET"]}}],"collection":[{"href":"https:\/\/www.sincomam.org.br\/index.php\/wp-json\/wp\/v2\/posts"}],"about":[{"href":"https:\/\/www.sincomam.org.br\/index.php\/wp-json\/wp\/v2\/types\/post"}],"author":[{"embeddable":true,"href":"https:\/\/www.sincomam.org.br\/index.php\/wp-json\/wp\/v2\/users\/1182"}],"replies":[{"embeddable":true,"href":"https:\/\/www.sincomam.org.br\/index.php\/wp-json\/wp\/v2\/comments?post=34276"}],"version-history":[{"count":4,"href":"https:\/\/www.sincomam.org.br\/index.php\/wp-json\/wp\/v2\/posts\/34276\/revisions"}],"predecessor-version":[{"id":34388,"href":"https:\/\/www.sincomam.org.br\/index.php\/wp-json\/wp\/v2\/posts\/34276\/revisions\/34388"}],"wp:featuredmedia":[{"embeddable":true,"href":"https:\/\/www.sincomam.org.br\/index.php\/wp-json\/wp\/v2\/media\/34278"}],"wp:attachment":[{"href":"https:\/\/www.sincomam.org.br\/index.php\/wp-json\/wp\/v2\/media?parent=34276"}],"wp:term":[{"taxonomy":"category","embeddable":true,"href":"https:\/\/www.sincomam.org.br\/index.php\/wp-json\/wp\/v2\/categories?post=34276"},{"taxonomy":"post_tag","embeddable":true,"href":"https:\/\/www.sincomam.org.br\/index.php\/wp-json\/wp\/v2\/tags?post=34276"}],"curies":[{"name":"wp","href":"https:\/\/api.w.org\/{rel}","templated":true}]}}