{"id":34267,"date":"2021-03-15T13:12:17","date_gmt":"2021-03-15T16:12:17","guid":{"rendered":"http:\/\/www.sincomam.org.br\/?p=34267"},"modified":"2021-03-15T13:12:17","modified_gmt":"2021-03-15T16:12:17","slug":"medica-ludhmila-hajjar-recusa-o-convite-de-bolsonaro-para-ministerio-da-saude","status":"publish","type":"post","link":"https:\/\/www.sincomam.org.br\/index.php\/medica-ludhmila-hajjar-recusa-o-convite-de-bolsonaro-para-ministerio-da-saude\/","title":{"rendered":"M\u00e9dica Ludhmila Hajjar recusa o convite de Bolsonaro para Minist\u00e9rio da Sa\u00fade"},"content":{"rendered":"<p><strong><em>Cardiologista estava cotada para assumir a pasta no lugar do Ministro Eduardo Pazuello<\/em><\/strong><\/p>\n<p>Nesta segunda-feira (15), a cardiologista Ludhmila Abrah\u00e3o Hajjar anunciou que recusou o convite do presidente Jair Bolsonaro para assumir o Minist\u00e9rio da Sa\u00fade. A m\u00e9dica deveria ocupar o lugar do Ministro Eduardo Pazuello.<\/p>\n<p>Segundo informa\u00e7\u00f5es da CNN Brasil, Ludhmila decidiu n\u00e3o aceitar o cargo ap\u00f3s reuni\u00e3o hoje com Bolsonaro no Pal\u00e1cio do Planalto, em Bras\u00edlia. A m\u00e9dica discorda do uso do kit Cloroquina para tratamento da Covid-19, \u00e9 contra o lockdown nacional, mas defende o isolamento social, opini\u00f5es que ficam na contram\u00e3o do que defende Jair Bolsonaro.<\/p>\n<p>Em nota, o Minist\u00e9rio da Sa\u00fade informou que o ministro Eduardo Pazuello segue \u00e0 frente da Pasta, com sua gest\u00e3o empenhada nas a\u00e7\u00f5es de enfrentamento da pandemia no Brasil.<\/p>\n<p><em>\u201cEsclarecemos, ainda, que Pazuello se encontra em perfeito estado de sa\u00fade e n\u00e3o h\u00e1 nenhum pedido de demiss\u00e3o do ministro ao presidente da Rep\u00fablica\u201d, concluiu o Minist\u00e9rio.<\/em><\/p>\n<p>Foto: divulga\u00e7\u00e3o -Dra. Ludhmila Abrah\u00e3o Hajjar<\/p>\n","protected":false},"excerpt":{"rendered":"<p>Cardiologista estava cotada para assumir a pasta no lugar do Ministro Eduardo Pazuello Nesta segunda-feira (15), a cardiologista Ludhmila Abrah\u00e3o Hajjar anunciou que recusou o&#8230;<\/p>\n","protected":false},"author":1182,"featured_media":34268,"comment_status":"closed","ping_status":"closed","sticky":false,"template":"","format":"standard","meta":{"footnotes":""},"categories":[6],"tags":[4452,2835,4451,4450,3569,4454,4453],"class_list":["post-34267","post","type-post","status-publish","format-standard","has-post-thumbnail","hentry","category-noticias","tag-convite","tag-jair-bolsonaro","tag-ludhmila-hajjar","tag-medica","tag-ministerio-da-saude","tag-ministro-eduardo-pazuello","tag-recusa"],"_links":{"self":[{"href":"https:\/\/www.sincomam.org.br\/index.php\/wp-json\/wp\/v2\/posts\/34267","targetHints":{"allow":["GET"]}}],"collection":[{"href":"https:\/\/www.sincomam.org.br\/index.php\/wp-json\/wp\/v2\/posts"}],"about":[{"href":"https:\/\/www.sincomam.org.br\/index.php\/wp-json\/wp\/v2\/types\/post"}],"author":[{"embeddable":true,"href":"https:\/\/www.sincomam.org.br\/index.php\/wp-json\/wp\/v2\/users\/1182"}],"replies":[{"embeddable":true,"href":"https:\/\/www.sincomam.org.br\/index.php\/wp-json\/wp\/v2\/comments?post=34267"}],"version-history":[{"count":1,"href":"https:\/\/www.sincomam.org.br\/index.php\/wp-json\/wp\/v2\/posts\/34267\/revisions"}],"predecessor-version":[{"id":34269,"href":"https:\/\/www.sincomam.org.br\/index.php\/wp-json\/wp\/v2\/posts\/34267\/revisions\/34269"}],"wp:featuredmedia":[{"embeddable":true,"href":"https:\/\/www.sincomam.org.br\/index.php\/wp-json\/wp\/v2\/media\/34268"}],"wp:attachment":[{"href":"https:\/\/www.sincomam.org.br\/index.php\/wp-json\/wp\/v2\/media?parent=34267"}],"wp:term":[{"taxonomy":"category","embeddable":true,"href":"https:\/\/www.sincomam.org.br\/index.php\/wp-json\/wp\/v2\/categories?post=34267"},{"taxonomy":"post_tag","embeddable":true,"href":"https:\/\/www.sincomam.org.br\/index.php\/wp-json\/wp\/v2\/tags?post=34267"}],"curies":[{"name":"wp","href":"https:\/\/api.w.org\/{rel}","templated":true}]}}