{"id":34264,"date":"2021-03-15T12:37:39","date_gmt":"2021-03-15T15:37:39","guid":{"rendered":"http:\/\/www.sincomam.org.br\/?p=34264"},"modified":"2021-03-15T12:37:39","modified_gmt":"2021-03-15T15:37:39","slug":"forcas-armadas-tem-mais-de-12-mil-vagas-com-inscricoes-abertas-para-concursos","status":"publish","type":"post","link":"https:\/\/www.sincomam.org.br\/index.php\/forcas-armadas-tem-mais-de-12-mil-vagas-com-inscricoes-abertas-para-concursos\/","title":{"rendered":"For\u00e7as Armadas tem mais de 1,2 mil vagas com inscri\u00e7\u00f5es abertas para concursos"},"content":{"rendered":"<p style=\"font-weight: 400;\">O Minist\u00e9rio da Defesa informou que as For\u00e7as Armadas est\u00e3o com diversas oportunidades para ingresso na carreira militar. Mais de 1,2 mil vagas est\u00e3o abertas para brasileiros na Marinha e na Aeron\u00e1utica. O Ex\u00e9rcito, por sua vez, programa o lan\u00e7amento de, pelo menos, tr\u00eas editais em abril deste ano. As vagas, para homens e mulheres, exigem n\u00edvel m\u00e9dio ou superior.<\/p>\n<p style=\"font-weight: 400;\">De acordo com as informa\u00e7\u00f5es da Defesa, as vagas s\u00e3o para os concursos de Admiss\u00e3o \u00e0 Escola Naval, de Soldado Fuzileiro Naval, de Forma\u00e7\u00e3o de Sargentos M\u00fasicos do Corpo de Fuzileiros Navais e do Curso de Forma\u00e7\u00e3o de Sargentos da Aeron\u00e1utica. As sele\u00e7\u00f5es para o quadro do Ex\u00e9rcito s\u00e3o para combatentes na Escola de Sargentos das Armas e nas \u00e1reas de log\u00edstica, sa\u00fade e m\u00fasica, na Escola de Sargentos de Log\u00edstica<strong style=\"font-weight: 600;\">.<\/strong><\/p>\n<p style=\"font-weight: 400;\"><strong style=\"font-weight: 600;\">Escola Naval <\/strong><\/p>\n<p style=\"font-weight: 400;\">A Marinha oferece 20<strong style=\"font-weight: 600;\">\u00a0<\/strong>vagas para a Escola Naval, sendo 12 para mulheres e oito para homens entre 18 e 23 anos e que tenham conclu\u00eddo o ensino m\u00e9dio. Os interessados podem se inscrever at\u00e9 domingo (14) pelo site\u00a0www.marinha.mil.br\/sspm\u00a0ou acessar o\u00a0<a style=\"font-weight: 500;\" href=\"https:\/\/www.inscricao.marinha.mil.br\/marinha\/index_concursos.jsp?id_concurso=399\">edital<\/a>. As provas online ser\u00e3o aplicadas na primeira quinzena de junho, em v\u00e1rios estados. O ciclo escolar dos aprovados \u00e9 de quatro anos como Aspirantes de Oficiais do Corpo da Armada, do Corpo de Fuzileiros Navais e do Corpo de Intendentes de Marinha.<\/p>\n<p style=\"font-weight: 400;\"><strong style=\"font-weight: 600;\">Soldado Fuzileiro Naval<\/strong><\/p>\n<p style=\"font-weight: 400;\">O concurso de Admiss\u00e3o ao Curso de Forma\u00e7\u00e3o de Soldados Fuzileiros Navais prev\u00ea 960 vagas para as turmas I e II de 2022. A inscri\u00e7\u00e3o vai at\u00e9 26 de mar\u00e7o pelo site\u00a0www.marinha.mil.br\/cgcfn. O certame abrange apenas brasileiros do sexo masculino com idade entre 18 e 22 anos e ensino m\u00e9dio completo. A data da prova ainda ser\u00e1 definida no\u00a0<a style=\"font-weight: 500;\" href=\"https:\/\/www.inscricao.marinha.mil.br\/marinhafn\/index_concursos.jsp?id_concurso=62\">edital<\/a>.<\/p>\n<p style=\"font-weight: 400;\"><strong style=\"font-weight: 600;\">Sargento M\u00fasico da Marinha<\/strong><\/p>\n<p style=\"font-weight: 400;\">O Curso de Forma\u00e7\u00e3o de Sargentos M\u00fasicos do Corpo de Fuzileiros Navais (C-FSG-MU-CFN) est\u00e1 com inscri\u00e7\u00f5es abertas at\u00e9 13 de abril. S\u00e3o 33 vagas em 14 \u00e1reas distintas como canto, percuss\u00e3o, trompete, entre outros.\u00a0Podem participar da sele\u00e7\u00e3o, homens e mulheres de 18 anos a 25 anos com n\u00edvel m\u00e9dio completo. O cadastro pode ser feito no site\u00a0www.marinha.mil.br\/cgcfn. A primeira etapa da\u00a0sele\u00e7\u00e3o\u00a0ser\u00e1 o Exame de Escolaridade, que ocorrer\u00e1 em 19 de junho.<\/p>\n<p><b>Sargento da Aeron\u00e1utica<\/b><\/p>\n<p>As inscri\u00e7\u00f5es para o Curso de Forma\u00e7\u00e3o de Sargentos da Aeron\u00e1utica (CFS 1\/2022) encerram em 17 de mar\u00e7o. S\u00e3o 223<b>\u00a0<\/b>vagas nacionais, acess\u00edveis para homens e mulheres de 17 a 24 anos. As oportunidades abrangem os seguintes setores: controle de tr\u00e1fego a\u00e9reo, equipamento de voo, guarda e seguran\u00e7a, mec\u00e2nico de aeronaves e outras. As turmas iniciam no primeiro semestre de 2022 com dura\u00e7\u00e3o aproximada de dois anos. Os interessados podem se inscrever pelo site\u00a0<a title=\"http:\/\/www.fab.mil.br\/eear\nCtrl+Clique ou toque para seguir o link\" href=\"http:\/\/www.fab.mil.br\/eear\" target=\"_blank\" rel=\"noopener noreferrer\">http:\/\/www.fab.mil.br\/eear<\/a>.<\/p>\n<p><strong>Ex\u00e9rcito<\/strong><\/p>\n<p style=\"font-weight: 400;\">O Ex\u00e9rcito programa para o in\u00edcio de abril o lan\u00e7amento dos editais para forma\u00e7\u00e3o de combatentes na Escola de Sargentos das Armas (ESA), localizada em Tr\u00eas Cora\u00e7\u00f5es, Minas Gerais, e para oficiais de log\u00edstica, de sa\u00fade e na \u00e1rea de m\u00fasica na Escola de Sargentos de Log\u00edstica (EsLog), situada no Rio de Janeiro.<\/p>\n<p style=\"font-weight: 400;\">Os certames contemplar\u00e3o homens e mulheres com idade m\u00ednima de 17 e m\u00e1xima de 25 anos, para a forma\u00e7\u00e3o de combatentes, e 26 anos para os demais cursos. Todos exigem n\u00edvel m\u00e9dio completo, sendo que os candidatos para forma\u00e7\u00e3o em sa\u00fade devem ter o curso de T\u00e9cnico de Enfermagem e os m\u00fasicos devem ter forma\u00e7\u00e3o na \u00e1rea. A quantidade de vagas ser\u00e1 definida em cada edital e os interessados podem acompanhar pelo site\u00a0<a style=\"font-weight: 500;\" href=\"http:\/\/www.eb.mil.br\/web\/ingresso\/militar-de-carreira\">www.eb.mil.br\/web\/ingresso\/militar-de-carreira<\/a>.<\/p>\n<p>*Com informa\u00e7\u00f5es do Minist\u00e9rio da Defesa \/ Foto: divulga\u00e7\u00e3o Defesa<\/p>\n","protected":false},"excerpt":{"rendered":"<p>O Minist\u00e9rio da Defesa informou que as For\u00e7as Armadas est\u00e3o com diversas oportunidades para ingresso na carreira militar. Mais de 1,2 mil vagas est\u00e3o abertas&#8230;<\/p>\n","protected":false},"author":1182,"featured_media":34265,"comment_status":"closed","ping_status":"closed","sticky":false,"template":"","format":"standard","meta":{"footnotes":""},"categories":[6],"tags":[602,1480,97,544,1257,837,894,336,492,3683,1142,4449,4448,4447,538],"class_list":["post-34264","post","type-post","status-publish","format-standard","has-post-thumbnail","hentry","category-noticias","tag-abertura","tag-carreira","tag-concurso","tag-emprego","tag-escola-naval","tag-exercito","tag-forcas-armadas","tag-inscricoes","tag-militar","tag-ministerio-da-defesa","tag-oportunidade","tag-sargento-da-aeronautica","tag-sargento-musico-da-marinha","tag-soldado-fuzileiro-naval","tag-vagas"],"_links":{"self":[{"href":"https:\/\/www.sincomam.org.br\/index.php\/wp-json\/wp\/v2\/posts\/34264","targetHints":{"allow":["GET"]}}],"collection":[{"href":"https:\/\/www.sincomam.org.br\/index.php\/wp-json\/wp\/v2\/posts"}],"about":[{"href":"https:\/\/www.sincomam.org.br\/index.php\/wp-json\/wp\/v2\/types\/post"}],"author":[{"embeddable":true,"href":"https:\/\/www.sincomam.org.br\/index.php\/wp-json\/wp\/v2\/users\/1182"}],"replies":[{"embeddable":true,"href":"https:\/\/www.sincomam.org.br\/index.php\/wp-json\/wp\/v2\/comments?post=34264"}],"version-history":[{"count":1,"href":"https:\/\/www.sincomam.org.br\/index.php\/wp-json\/wp\/v2\/posts\/34264\/revisions"}],"predecessor-version":[{"id":34266,"href":"https:\/\/www.sincomam.org.br\/index.php\/wp-json\/wp\/v2\/posts\/34264\/revisions\/34266"}],"wp:featuredmedia":[{"embeddable":true,"href":"https:\/\/www.sincomam.org.br\/index.php\/wp-json\/wp\/v2\/media\/34265"}],"wp:attachment":[{"href":"https:\/\/www.sincomam.org.br\/index.php\/wp-json\/wp\/v2\/media?parent=34264"}],"wp:term":[{"taxonomy":"category","embeddable":true,"href":"https:\/\/www.sincomam.org.br\/index.php\/wp-json\/wp\/v2\/categories?post=34264"},{"taxonomy":"post_tag","embeddable":true,"href":"https:\/\/www.sincomam.org.br\/index.php\/wp-json\/wp\/v2\/tags?post=34264"}],"curies":[{"name":"wp","href":"https:\/\/api.w.org\/{rel}","templated":true}]}}