{"id":34251,"date":"2021-03-12T13:14:21","date_gmt":"2021-03-12T16:14:21","guid":{"rendered":"http:\/\/www.sincomam.org.br\/?p=34251"},"modified":"2021-03-12T13:16:37","modified_gmt":"2021-03-12T16:16:37","slug":"sincomam-completa-94-anos-de-existencia","status":"publish","type":"post","link":"https:\/\/www.sincomam.org.br\/index.php\/sincomam-completa-94-anos-de-existencia\/","title":{"rendered":"SINCOMAM completa 94 anos de exist\u00eancia"},"content":{"rendered":"<p><strong><em>Hist\u00f3ria do Sindicato \u00e9 marcada pela defesa dos direitos dos mar\u00edtimos brasileiros<\/em><\/strong><\/p>\n<p>Fundado em 12 de mar\u00e7o de 1927, no Rio de Janeiro, o SINCOMAM \u2013 Sindicato Nacional dos Condutores da Marinha Mercante e Afins, contempla 94 anos de hist\u00f3ria no Brasil.<\/p>\n<p>Ao completar mais de nove d\u00e9cadas de lutas e conquistas, o Sindicato, que representa legalmente a categoria dos Condutores de M\u00e1quinas da Marinha Mercante e os amarradores portu\u00e1rios, consagra uma trajet\u00f3ria de sucesso que vem desde 1931, com o reconhecimento oficial e a Primeira Carta Sindical.<\/p>\n<p>Com o avan\u00e7o do neoliberalismo, anos 90, o sindicato enfrentou grandes ataques aos direitos conquistados, como por exemplo, o avan\u00e7o das cooperativas no meio aquavi\u00e1rio e o desejo de alguns armadores de transformar a nossa Marinha Mercante nos moldes de outras bandeiras onde o mar\u00edtimo n\u00e3o tem direitos trabalhistas e nem aposentadoria.<\/p>\n<p><em>\u201cAfastamos esse fantasma no passado e continuaremos orando e lutando contra essas for\u00e7as malignas que ainda querem incorporar o \u2018esp\u00edrito\u2019 da escravid\u00e3o na classe trabalhadora. Ao longo de sua exist\u00eancia, o SINCOMAM se tornou refer\u00eancia entre os sindicatos aquavi\u00e1rios, sendo para a categoria de Condutores de M\u00e1quinas e amarradores portu\u00e1rios, instrumento de luta em defesa dos seus direitos\u201d, ressalta o Presidente do SINCOMAM, Alcir da Costa Albernoz.<\/em><\/p>\n<p>Para o Presidente do SINCOMAM, as conquistas obtidas nesta jornada, sempre de maneira firme e independente, demonstram a for\u00e7a do Sindicato e a necessidade de atua\u00e7\u00e3o da entidade em todo o territ\u00f3rio nacional.<\/p>\n<p><em>\u201cTodos os avan\u00e7os nos Acordos Coletivos de Trabalho, prov\u00eam da luta e do sacrif\u00edcio dos nossos diretores, advogados e colaboradores, ao longo desses 94 anos de hist\u00f3ria do Sindicato. Estamos sendo colocados \u00e0 prova com o desmonte da Petrobras, a queda na produ\u00e7\u00e3o de navios, o Projeto de Lei BR do Mar (que pode gerar elevado \u00edndice de desemprego aos mar\u00edtimos brasileiros), o problema das aposentadorias, entre tantos outros desafios, onde temos o dever e a obriga\u00e7\u00e3o de resistir a essa nova ofensiva aos direitos trabalhistas. N\u00e3o podemos abaixar a cabe\u00e7a e fingir que nada est\u00e1 acontecendo no Brasil. Para completar o per\u00edodo ca\u00f3tico no pa\u00eds, estamos enfrentando a pandemia do Covid-19, que se alastrou nas embarca\u00e7\u00f5es e plataformas de petr\u00f3leo e g\u00e1s. O SINCOMAM nunca fechou as portas, mesmo durante a pandemia estamos funcionando diariamente para atender e dar assist\u00eancia aos nossos representados\u201d, disse Alcir Albernoz.<\/em><\/p>\n<p>No atual cen\u00e1rio nebuloso que o Brasil enfrenta em fun\u00e7\u00e3o da pandemia de Covid-19, o SINCOMAM refor\u00e7a suas atividades em busca de melhores condi\u00e7\u00f5es de vida e trabalho para os seus representados e colaboradores.<\/p>\n","protected":false},"excerpt":{"rendered":"<p>Hist\u00f3ria do Sindicato \u00e9 marcada pela defesa dos direitos dos mar\u00edtimos brasileiros Fundado em 12 de mar\u00e7o de 1927, no Rio de Janeiro, o SINCOMAM&#8230;<\/p>\n","protected":false},"author":1182,"featured_media":3740,"comment_status":"closed","ping_status":"closed","sticky":false,"template":"","format":"standard","meta":{"footnotes":""},"categories":[6],"tags":[4439,4442,4440,712,174,3561,61,263,1727,264,2752,2751,972,4441,1540,1092,544,3364,104,370,2324,117,2755,186,59,17,374],"class_list":["post-34251","post","type-post","status-publish","format-standard","has-post-thumbnail","hentry","category-noticias","tag-94-anos","tag-acordos-coletivos-de-trabalho","tag-amarradores-portuarios","tag-aniversario","tag-aquaviarios","tag-br-do-mar","tag-brasil","tag-categoria","tag-celebracao","tag-condutores-de-maquinas","tag-coronavirus","tag-covid-19","tag-defesa","tag-deveres","tag-direitos","tag-diretoria","tag-emprego","tag-existencia","tag-juridico","tag-marinha-mercante","tag-maritimos","tag-navios","tag-pandemia","tag-plataforma","tag-rio-de-janeiro","tag-sincomam","tag-sindicato"],"_links":{"self":[{"href":"https:\/\/www.sincomam.org.br\/index.php\/wp-json\/wp\/v2\/posts\/34251","targetHints":{"allow":["GET"]}}],"collection":[{"href":"https:\/\/www.sincomam.org.br\/index.php\/wp-json\/wp\/v2\/posts"}],"about":[{"href":"https:\/\/www.sincomam.org.br\/index.php\/wp-json\/wp\/v2\/types\/post"}],"author":[{"embeddable":true,"href":"https:\/\/www.sincomam.org.br\/index.php\/wp-json\/wp\/v2\/users\/1182"}],"replies":[{"embeddable":true,"href":"https:\/\/www.sincomam.org.br\/index.php\/wp-json\/wp\/v2\/comments?post=34251"}],"version-history":[{"count":3,"href":"https:\/\/www.sincomam.org.br\/index.php\/wp-json\/wp\/v2\/posts\/34251\/revisions"}],"predecessor-version":[{"id":34254,"href":"https:\/\/www.sincomam.org.br\/index.php\/wp-json\/wp\/v2\/posts\/34251\/revisions\/34254"}],"wp:featuredmedia":[{"embeddable":true,"href":"https:\/\/www.sincomam.org.br\/index.php\/wp-json\/wp\/v2\/media\/3740"}],"wp:attachment":[{"href":"https:\/\/www.sincomam.org.br\/index.php\/wp-json\/wp\/v2\/media?parent=34251"}],"wp:term":[{"taxonomy":"category","embeddable":true,"href":"https:\/\/www.sincomam.org.br\/index.php\/wp-json\/wp\/v2\/categories?post=34251"},{"taxonomy":"post_tag","embeddable":true,"href":"https:\/\/www.sincomam.org.br\/index.php\/wp-json\/wp\/v2\/tags?post=34251"}],"curies":[{"name":"wp","href":"https:\/\/api.w.org\/{rel}","templated":true}]}}