{"id":34240,"date":"2021-03-12T09:14:41","date_gmt":"2021-03-12T12:14:41","guid":{"rendered":"http:\/\/www.sincomam.org.br\/?p=34240"},"modified":"2021-03-12T09:14:41","modified_gmt":"2021-03-12T12:14:41","slug":"covid-19-brasil-registra-mais-2-233-mortes-e-75-412-novos-infectados","status":"publish","type":"post","link":"https:\/\/www.sincomam.org.br\/index.php\/covid-19-brasil-registra-mais-2-233-mortes-e-75-412-novos-infectados\/","title":{"rendered":"Covid-19: Brasil registra mais 2.233 mortes e 75.412 novos infectados"},"content":{"rendered":"<p><strong><em>Pelo segundo dia consecutivo, pa\u00eds ultrapassa as 2 mil mortes<\/em><\/strong><\/p>\n<p>Pelo 2\u00ba dia seguido, o Brasil registrou mais de duas mil mortes por covid-19. Segundo balan\u00e7o do Minist\u00e9rio da Sa\u00fade, foram confirmados mais 2.233 novos \u00f3bitos por complica\u00e7\u00f5es da doen\u00e7a.<\/p>\n<p>A informa\u00e7\u00e3o est\u00e1 no balan\u00e7o di\u00e1rio do Minist\u00e9rio da Sa\u00fade, divulgado na noite desta quinta-feira (11). O n\u00famero total de pessoas que j\u00e1 morreram por complica\u00e7\u00f5es do novo coronav\u00edrus chegou a 272.889. Ainda h\u00e1 2.943 mortes em investiga\u00e7\u00e3o por equipes de sa\u00fade. Isso porque h\u00e1 casos em que o diagn\u00f3stico sobre a causa \u00e9 liberado ap\u00f3s o \u00f3bito do paciente.<\/p>\n<p>Desde o in\u00edcio da pandemia, o pa\u00eds totalizou 11.277.717 brasileiros infectados pela doen\u00e7a. Entre quarta e quinta-feira, foram registrados 75.412 novos casos de pessoas com Covid-19.<\/p>\n<p>O n\u00famero de pessoas recuperadas chegou a 9.958.566. J\u00e1 a quantidade de pessoas com casos ativos, em acompanhamento por equipes de sa\u00fade, ficou em 1.046.262.<\/p>\n<p><strong>Estados<\/strong><\/p>\n<p>O ranking de estados com mais mortes pela covid-19 \u00e9 liderado por S\u00e3o Paulo (63.010), Rio de Janeiro (34.083), Minas Gerais (20.087), Rio Grande do Sul (14.363) e Paran\u00e1 (13.159). J\u00e1 as Unidades da Federa\u00e7\u00e3o com menos \u00f3bitos s\u00e3o Acre (1.094), Amap\u00e1 (1.169), Roraima (1.216), Tocantins (1.623) e Sergipe (3.072).<\/p>\n<p><strong>Vacina\u00e7\u00e3o<\/strong><\/p>\n<p>At\u00e9 o momento, haviam sido distribu\u00eddas 18,2 milh\u00f5es de doses de vacinas. Deste total, foram aplicadas 10,5 milh\u00f5es de doses, sendo 7,9 milh\u00f5es da 1\u00aa dose (3,7% da popula\u00e7\u00e3o brasileira) e 2,5 milh\u00f5es da 2\u00aa dose (1,1% da popula\u00e7\u00e3o brasileira).<\/p>\n<p><strong>Momento grave<\/strong><\/p>\n<p>O ministro da Sa\u00fade, Eduardo Pazuello, divulgou v\u00eddeo no qual reconhece o momento grave da pandemia. Ele creditou a situa\u00e7\u00e3o sobretudo \u00e0s novas variantes do novo coronav\u00edrus. O titular da pasta afirmou que o sistema de sa\u00fade n\u00e3o ir\u00e1 colapsar.<\/p>\n<p>No v\u00eddeo, Pazuello pediu que os brasileiros sigam as orienta\u00e7\u00f5es b\u00e1sicas para de comportamento coletivo, embora n\u00e3o tenha detalhado quais s\u00e3o. O ministro informou que foram entregues at\u00e9 o momento 20 milh\u00f5es de doses, o que atende 12 milh\u00f5es de brasileiros. At\u00e9 abril, acrescentou, o montante chegar\u00e1 a 80 milh\u00f5es de doses entregues.<\/p>\n<p>O titular do Minist\u00e9rio da Sa\u00fade pontuou que atualmente h\u00e1 no mundo um problema de oferta das vacinas, com laborat\u00f3rios n\u00e3o conseguindo cumprir entregas. \u201cA depend\u00eancia de insumos e vacinas leva-nos a manter uma a\u00e7\u00e3o diplom\u00e1tica de forma permanente, que garanta o cumprimento do nosso cronograma de produ\u00e7\u00e3o de vacinas e insumos\u201d, disse.<\/p>\n<p>Ele concluiu comentando que respondeu aos presidentes da C\u00e2mara dos Deputados e do Senado Federal sobre o cronograma das vacinas para este e os pr\u00f3ximos meses.<\/p>\n<p>*Com informa\u00e7\u00f5es da Ag\u00eancia Brasil<\/p>\n<p>Foto: divulga\u00e7\u00e3o<\/p>\n","protected":false},"excerpt":{"rendered":"<p>Pelo segundo dia consecutivo, pa\u00eds ultrapassa as 2 mil mortes Pelo 2\u00ba dia seguido, o Brasil registrou mais de duas mil mortes por covid-19. Segundo&#8230;<\/p>\n","protected":false},"author":1182,"featured_media":29104,"comment_status":"closed","ping_status":"closed","sticky":false,"template":"","format":"standard","meta":{"footnotes":""},"categories":[6],"tags":[577,61,855,2778,2752,2751,1283,3268,1460,3569,1005,3188,746,980],"class_list":["post-34240","post","type-post","status-publish","format-standard","has-post-thumbnail","hentry","category-noticias","tag-balanco","tag-brasil","tag-brasileiros","tag-casos","tag-coronavirus","tag-covid-19","tag-estados","tag-grave","tag-infectados","tag-ministerio-da-saude","tag-mortes","tag-obitos","tag-registro","tag-vacinacao"],"_links":{"self":[{"href":"https:\/\/www.sincomam.org.br\/index.php\/wp-json\/wp\/v2\/posts\/34240","targetHints":{"allow":["GET"]}}],"collection":[{"href":"https:\/\/www.sincomam.org.br\/index.php\/wp-json\/wp\/v2\/posts"}],"about":[{"href":"https:\/\/www.sincomam.org.br\/index.php\/wp-json\/wp\/v2\/types\/post"}],"author":[{"embeddable":true,"href":"https:\/\/www.sincomam.org.br\/index.php\/wp-json\/wp\/v2\/users\/1182"}],"replies":[{"embeddable":true,"href":"https:\/\/www.sincomam.org.br\/index.php\/wp-json\/wp\/v2\/comments?post=34240"}],"version-history":[{"count":1,"href":"https:\/\/www.sincomam.org.br\/index.php\/wp-json\/wp\/v2\/posts\/34240\/revisions"}],"predecessor-version":[{"id":34241,"href":"https:\/\/www.sincomam.org.br\/index.php\/wp-json\/wp\/v2\/posts\/34240\/revisions\/34241"}],"wp:featuredmedia":[{"embeddable":true,"href":"https:\/\/www.sincomam.org.br\/index.php\/wp-json\/wp\/v2\/media\/29104"}],"wp:attachment":[{"href":"https:\/\/www.sincomam.org.br\/index.php\/wp-json\/wp\/v2\/media?parent=34240"}],"wp:term":[{"taxonomy":"category","embeddable":true,"href":"https:\/\/www.sincomam.org.br\/index.php\/wp-json\/wp\/v2\/categories?post=34240"},{"taxonomy":"post_tag","embeddable":true,"href":"https:\/\/www.sincomam.org.br\/index.php\/wp-json\/wp\/v2\/tags?post=34240"}],"curies":[{"name":"wp","href":"https:\/\/api.w.org\/{rel}","templated":true}]}}