{"id":34238,"date":"2021-03-12T08:59:10","date_gmt":"2021-03-12T11:59:10","guid":{"rendered":"http:\/\/www.sincomam.org.br\/?p=34238"},"modified":"2021-03-12T08:59:10","modified_gmt":"2021-03-12T11:59:10","slug":"camara-aprova-em-segundo-turno-texto-base-da-pec-emergencial","status":"publish","type":"post","link":"https:\/\/www.sincomam.org.br\/index.php\/camara-aprova-em-segundo-turno-texto-base-da-pec-emergencial\/","title":{"rendered":"C\u00e2mara aprova em segundo turno texto base da PEC Emergencial"},"content":{"rendered":"<p><strong><em>Proposta libera recursos para pagamento do aux\u00edlio emergencial<\/em><\/strong><\/p>\n<p>A C\u00e2mara dos Deputados aprovou nesta quinta-feira (11), em segundo turno, por 366 votos a favor, 127 contra e tr\u00eas absten\u00e7\u00f5es, o texto base da Proposta de Emenda \u00e0 Constitui\u00e7\u00e3o (PEC) 186\/19, a PEC Emergencial. Agora os parlamentares analisam destaques que podem retirar trechos da proposta.<\/p>\n<p>A PEC cria mecanismos de conten\u00e7\u00e3o fiscal, controle de despesas com pessoal e redu\u00e7\u00e3o de incentivos tribut\u00e1rios, al\u00e9m de liberar R$ 44 bilh\u00f5es, fora do teto de gastos, para o pagamento do aux\u00edlio emergencial \u00e0s pessoas afetadas pela pandemia da covid-19. No entanto, a proposta n\u00e3o detalha os valores, dura\u00e7\u00e3o ou condi\u00e7\u00f5es para o novo aux\u00edlio emergencial. Todas essas defini\u00e7\u00f5es dever\u00e3o constar de outro texto.<\/p>\n<p>O primeiro turno da proposta foi aprovado na madrugada desta quinta-feira, ap\u00f3s sucessivas tentativas da oposi\u00e7\u00e3o em obstruir as vota\u00e7\u00f5es e adiar a aprecia\u00e7\u00e3o da proposta.<\/p>\n<p><strong>Acordo<\/strong><\/p>\n<p>Para viabilizar a aprova\u00e7\u00e3o da PEC em primeiro turno, o governo acatou um acordo, envolvendo a maior parte dos partidos da base aliada, para apresentar no segundo turno de vota\u00e7\u00e3o um destaque ao texto, retirando a proibi\u00e7\u00e3o de promo\u00e7\u00e3o funcional ou progress\u00e3o de carreira de qualquer servidor ou empregado p\u00fablico.<\/p>\n<p>Esse foi um dos pontos mais criticados da PEC. A proposta surgiu durante a vota\u00e7\u00e3o de um destaque do PT, que retirava do texto as restri\u00e7\u00f5es relacionadas \u00e0s despesas de pessoal. O acordo entre base aliada e governo deve viabilizar a aprova\u00e7\u00e3o de dois destaques do bloco PSL-PL-PP para suprimir as restri\u00e7\u00f5es \u00e0 proibi\u00e7\u00e3o de promo\u00e7\u00e3o funcional ou progress\u00e3o de carreira de qualquer servidor ou empregado p\u00fablico, um dos pontos da PEC criticados pela bancada de militares e policiais.<\/p>\n<p>Caso sejam aprovados os destaques, a mudan\u00e7a inclui servidores da Uni\u00e3o, dos estados, do Distrito Federal e dos munic\u00edpios na retirada das restri\u00e7\u00f5es, inclusive no caso de se decretar estado de calamidade p\u00fablica de \u00e2mbito nacional.<\/p>\n","protected":false},"excerpt":{"rendered":"<p>Proposta libera recursos para pagamento do aux\u00edlio emergencial A C\u00e2mara dos Deputados aprovou nesta quinta-feira (11), em segundo turno, por 366 votos a favor, 127&#8230;<\/p>\n","protected":false},"author":1182,"featured_media":33973,"comment_status":"closed","ping_status":"closed","sticky":false,"template":"","format":"standard","meta":{"footnotes":""},"categories":[6],"tags":[1086,818,4214,61,2145,2751,325,204,2755,4395,367,121,3458,1456,3875],"class_list":["post-34238","post","type-post","status-publish","format-standard","has-post-thumbnail","hentry","category-noticias","tag-acordo","tag-aprovacao","tag-auxilio-emergencial","tag-brasil","tag-camara-dos-deputados","tag-covid-19","tag-liberacao","tag-pagamento","tag-pandemia","tag-pec-emergencial","tag-projeto","tag-segundo","tag-texto","tag-turno","tag-voto"],"_links":{"self":[{"href":"https:\/\/www.sincomam.org.br\/index.php\/wp-json\/wp\/v2\/posts\/34238","targetHints":{"allow":["GET"]}}],"collection":[{"href":"https:\/\/www.sincomam.org.br\/index.php\/wp-json\/wp\/v2\/posts"}],"about":[{"href":"https:\/\/www.sincomam.org.br\/index.php\/wp-json\/wp\/v2\/types\/post"}],"author":[{"embeddable":true,"href":"https:\/\/www.sincomam.org.br\/index.php\/wp-json\/wp\/v2\/users\/1182"}],"replies":[{"embeddable":true,"href":"https:\/\/www.sincomam.org.br\/index.php\/wp-json\/wp\/v2\/comments?post=34238"}],"version-history":[{"count":1,"href":"https:\/\/www.sincomam.org.br\/index.php\/wp-json\/wp\/v2\/posts\/34238\/revisions"}],"predecessor-version":[{"id":34239,"href":"https:\/\/www.sincomam.org.br\/index.php\/wp-json\/wp\/v2\/posts\/34238\/revisions\/34239"}],"wp:featuredmedia":[{"embeddable":true,"href":"https:\/\/www.sincomam.org.br\/index.php\/wp-json\/wp\/v2\/media\/33973"}],"wp:attachment":[{"href":"https:\/\/www.sincomam.org.br\/index.php\/wp-json\/wp\/v2\/media?parent=34238"}],"wp:term":[{"taxonomy":"category","embeddable":true,"href":"https:\/\/www.sincomam.org.br\/index.php\/wp-json\/wp\/v2\/categories?post=34238"},{"taxonomy":"post_tag","embeddable":true,"href":"https:\/\/www.sincomam.org.br\/index.php\/wp-json\/wp\/v2\/tags?post=34238"}],"curies":[{"name":"wp","href":"https:\/\/api.w.org\/{rel}","templated":true}]}}