{"id":34224,"date":"2021-03-11T10:08:15","date_gmt":"2021-03-11T13:08:15","guid":{"rendered":"http:\/\/www.sincomam.org.br\/?p=34224"},"modified":"2021-03-11T10:08:15","modified_gmt":"2021-03-11T13:08:15","slug":"petrobras-analisa-em-abril-indicacao-de-joaquim-luna-a-presidencia","status":"publish","type":"post","link":"https:\/\/www.sincomam.org.br\/index.php\/petrobras-analisa-em-abril-indicacao-de-joaquim-luna-a-presidencia\/","title":{"rendered":"Petrobras analisa em abril indica\u00e7\u00e3o de Joaquim Luna \u00e0 presid\u00eancia"},"content":{"rendered":"<p><strong><em>Assembleia Geral Extraordin\u00e1ria ocorre em 12 de abril de forma online<\/em><\/strong><\/p>\n<p>A Petrobras convocou Assembleia Geral Extraordin\u00e1ria para a elei\u00e7\u00e3o dos membros do Conselho de Administra\u00e7\u00e3o da empresa para o dia 12 de abril. A reuni\u00e3o ser\u00e1 feita de forma digital. A assembleia tamb\u00e9m analisar\u00e1 o nome do general Joaquim Silva e Luna, indicado pelo governo federal para substituir Roberto Castello Branco na presid\u00eancia da empresa, e eleger\u00e1 um novo presidente para o Conselho.<\/p>\n<p>O Conselho de Administra\u00e7\u00e3o da Petrobras tem 11 membros, mas apenas oito ser\u00e3o escolhidos na assembleia, pois tr\u00eas deles permanecer\u00e3o nos cargos. S\u00e3o eles: os representantes dos empregados, dos detentores de a\u00e7\u00f5es preferenciais e dos acionistas minorit\u00e1rios.<\/p>\n<p>Para os cargos que ser\u00e3o renovados, a Uni\u00e3o indicou oito nomes e os acionistas minorit\u00e1rios indicaram um nome.<\/p>\n<p>A Assembleia poder\u00e1 decidir se a elei\u00e7\u00e3o ser\u00e1 por voto m\u00faltiplo ou se aceita os oito nomes indicados pela Uni\u00e3o. Caso decida-se pelo voto m\u00faltiplo, as indica\u00e7\u00f5es do governo concorrem com o nome indicado pelos acionistas minorit\u00e1rios.<\/p>\n<p>Os nomes do governo s\u00e3o o general Joaquim Silva e Luna, Eduardo Bacellar Leal Ferreira (atual presidente do Conselho), Ruy Flaks Schneider (que j\u00e1 \u00e9 conselheiro), M\u00e1rcio Andrade Weber, Murilo Marroquim de Souza, Sonia Julia Sulzbeck Villalobos, Cynthia Santana Silveira e Ana Silva Corso Matte.<\/p>\n<p>J\u00e1 o nome indicado pelos acionistas minorit\u00e1rios \u00e9 o advogado Leonardo Pietro Antonelli, que atualmente integra o conselho representando esse mesmo grupo.<\/p>\n<p>Fonte: Ag\u00eancia Brasil<\/p>\n","protected":false},"excerpt":{"rendered":"<p>Assembleia Geral Extraordin\u00e1ria ocorre em 12 de abril de forma online A Petrobras convocou Assembleia Geral Extraordin\u00e1ria para a elei\u00e7\u00e3o dos membros do Conselho de&#8230;<\/p>\n","protected":false},"author":1182,"featured_media":17775,"comment_status":"closed","ping_status":"closed","sticky":false,"template":"","format":"standard","meta":{"footnotes":""},"categories":[6],"tags":[914,4402,4427,58,1520],"class_list":["post-34224","post","type-post","status-publish","format-standard","has-post-thumbnail","hentry","category-noticias","tag-abril","tag-indicacao","tag-joaquim-luna","tag-petrobras","tag-presidencia"],"_links":{"self":[{"href":"https:\/\/www.sincomam.org.br\/index.php\/wp-json\/wp\/v2\/posts\/34224","targetHints":{"allow":["GET"]}}],"collection":[{"href":"https:\/\/www.sincomam.org.br\/index.php\/wp-json\/wp\/v2\/posts"}],"about":[{"href":"https:\/\/www.sincomam.org.br\/index.php\/wp-json\/wp\/v2\/types\/post"}],"author":[{"embeddable":true,"href":"https:\/\/www.sincomam.org.br\/index.php\/wp-json\/wp\/v2\/users\/1182"}],"replies":[{"embeddable":true,"href":"https:\/\/www.sincomam.org.br\/index.php\/wp-json\/wp\/v2\/comments?post=34224"}],"version-history":[{"count":1,"href":"https:\/\/www.sincomam.org.br\/index.php\/wp-json\/wp\/v2\/posts\/34224\/revisions"}],"predecessor-version":[{"id":34225,"href":"https:\/\/www.sincomam.org.br\/index.php\/wp-json\/wp\/v2\/posts\/34224\/revisions\/34225"}],"wp:featuredmedia":[{"embeddable":true,"href":"https:\/\/www.sincomam.org.br\/index.php\/wp-json\/wp\/v2\/media\/17775"}],"wp:attachment":[{"href":"https:\/\/www.sincomam.org.br\/index.php\/wp-json\/wp\/v2\/media?parent=34224"}],"wp:term":[{"taxonomy":"category","embeddable":true,"href":"https:\/\/www.sincomam.org.br\/index.php\/wp-json\/wp\/v2\/categories?post=34224"},{"taxonomy":"post_tag","embeddable":true,"href":"https:\/\/www.sincomam.org.br\/index.php\/wp-json\/wp\/v2\/tags?post=34224"}],"curies":[{"name":"wp","href":"https:\/\/api.w.org\/{rel}","templated":true}]}}