{"id":34219,"date":"2021-03-11T09:54:51","date_gmt":"2021-03-11T12:54:51","guid":{"rendered":"http:\/\/www.sincomam.org.br\/?p=34219"},"modified":"2021-03-11T09:54:51","modified_gmt":"2021-03-11T12:54:51","slug":"camara-realiza-votacao-do-2o-turno-da-pec-emergencial-nesta-quinta-feira","status":"publish","type":"post","link":"https:\/\/www.sincomam.org.br\/index.php\/camara-realiza-votacao-do-2o-turno-da-pec-emergencial-nesta-quinta-feira\/","title":{"rendered":"C\u00e2mara realiza vota\u00e7\u00e3o do 2\u00ba turno da PEC Emergencial nesta quinta-feira"},"content":{"rendered":"<p><strong><em>Proposta permite ao governo federal pagar um aux\u00edlio emergencial este ano com R$ 44 bilh\u00f5es<\/em><\/strong><\/p>\n<p>A C\u00e2mara dos Deputados concluiu a vota\u00e7\u00e3o, em 1\u00ba turno, da PEC Emergencial. O presidente da C\u00e2mara, Arthur Lira, convocou sess\u00e3o extraordin\u00e1ria para esta quinta-feira (11), \u00e0s 10 horas, com o intuito de votar a PEC em segundo turno. A proposta precisa receber no m\u00ednimo 308 votos a favor para ser aprovada.<\/p>\n<p>Um destaque a ser apresentado no segundo turno de vota\u00e7\u00e3o retirar\u00e1 do texto a proibi\u00e7\u00e3o de promo\u00e7\u00e3o funcional ou progress\u00e3o de carreira de qualquer servidor ou empregado p\u00fablico, um dos pontos da PEC criticados pela bancada de militares e policiais. Esse destaque vai contemplar ainda os servidores da Uni\u00e3o, inclusive no caso de se decretar estado de calamidade p\u00fablica de \u00e2mbito nacional.<\/p>\n<p>A Proposta de Emenda \u00e0 Constitui\u00e7\u00e3o 186\/19 permite ao governo federal pagar um aux\u00edlio emergencial em 2021 com R$ 44 bilh\u00f5es por fora do teto de gastos e imp\u00f5e mais rigidez na aplica\u00e7\u00e3o de medidas de conten\u00e7\u00e3o fiscal, controle de despesas com pessoal e redu\u00e7\u00e3o de incentivos tribut\u00e1rios.<\/p>\n<p><strong>Aux\u00edlio Emergencial<\/strong><\/p>\n<p>A primeira leva de pagamentos do aux\u00edlio chegou a R$ 292 bilh\u00f5es para cerca de 68 milh\u00f5es de pessoas, em duas rodadas: na primeira, foram pagas parcelas de R$ 600 por cinco meses; na segunda, chamada de \u201caux\u00edlio residual\u201d, foram parcelas de R$ 300 durante quatro meses e com um p\u00fablico-alvo menor.<\/p>\n<p>Para 2021, segundo o governo, o aux\u00edlio ser\u00e1 de R$ 175 a R$ 375 por quatro meses (mar\u00e7o a junho). Para a fam\u00edlia monoparental dirigida por mulher, o valor ser\u00e1 de R$ 375; para um casal, R$ 250; e para o homem sozinho, de R$ 175.<\/p>\n<p>*Com informa\u00e7\u00f5es da Ag\u00eancia C\u00e2mara de Not\u00edcias<\/p>\n<p>Foto: Pablo Valadares\/C\u00e2mara dos Deputados<\/p>\n","protected":false},"excerpt":{"rendered":"<p>Proposta permite ao governo federal pagar um aux\u00edlio emergencial este ano com R$ 44 bilh\u00f5es A C\u00e2mara dos Deputados concluiu a vota\u00e7\u00e3o, em 1\u00ba turno,&#8230;<\/p>\n","protected":false},"author":1182,"featured_media":34220,"comment_status":"closed","ping_status":"closed","sticky":false,"template":"","format":"standard","meta":{"footnotes":""},"categories":[6],"tags":[4426,2145,4395,974],"class_list":["post-34219","post","type-post","status-publish","format-standard","has-post-thumbnail","hentry","category-noticias","tag-2o-turno","tag-camara-dos-deputados","tag-pec-emergencial","tag-votacao"],"_links":{"self":[{"href":"https:\/\/www.sincomam.org.br\/index.php\/wp-json\/wp\/v2\/posts\/34219","targetHints":{"allow":["GET"]}}],"collection":[{"href":"https:\/\/www.sincomam.org.br\/index.php\/wp-json\/wp\/v2\/posts"}],"about":[{"href":"https:\/\/www.sincomam.org.br\/index.php\/wp-json\/wp\/v2\/types\/post"}],"author":[{"embeddable":true,"href":"https:\/\/www.sincomam.org.br\/index.php\/wp-json\/wp\/v2\/users\/1182"}],"replies":[{"embeddable":true,"href":"https:\/\/www.sincomam.org.br\/index.php\/wp-json\/wp\/v2\/comments?post=34219"}],"version-history":[{"count":1,"href":"https:\/\/www.sincomam.org.br\/index.php\/wp-json\/wp\/v2\/posts\/34219\/revisions"}],"predecessor-version":[{"id":34221,"href":"https:\/\/www.sincomam.org.br\/index.php\/wp-json\/wp\/v2\/posts\/34219\/revisions\/34221"}],"wp:featuredmedia":[{"embeddable":true,"href":"https:\/\/www.sincomam.org.br\/index.php\/wp-json\/wp\/v2\/media\/34220"}],"wp:attachment":[{"href":"https:\/\/www.sincomam.org.br\/index.php\/wp-json\/wp\/v2\/media?parent=34219"}],"wp:term":[{"taxonomy":"category","embeddable":true,"href":"https:\/\/www.sincomam.org.br\/index.php\/wp-json\/wp\/v2\/categories?post=34219"},{"taxonomy":"post_tag","embeddable":true,"href":"https:\/\/www.sincomam.org.br\/index.php\/wp-json\/wp\/v2\/tags?post=34219"}],"curies":[{"name":"wp","href":"https:\/\/api.w.org\/{rel}","templated":true}]}}