{"id":34216,"date":"2021-03-10T11:24:32","date_gmt":"2021-03-10T14:24:32","guid":{"rendered":"http:\/\/www.sincomam.org.br\/?p=34216"},"modified":"2021-03-10T11:24:32","modified_gmt":"2021-03-10T14:24:32","slug":"cristo-redentor-iluminado-celebra-os-213-anos-do-corpo-de-fuzileiros-navais","status":"publish","type":"post","link":"https:\/\/www.sincomam.org.br\/index.php\/cristo-redentor-iluminado-celebra-os-213-anos-do-corpo-de-fuzileiros-navais\/","title":{"rendered":"Cristo Redentor iluminado celebra os 213 anos do Corpo de Fuzileiros Navais"},"content":{"rendered":"<p><em><strong>Devido o agravamento da Covid-19 no Rio de Janeiro, a cerim\u00f4nia, que seria transmitida ao vivo, foi substitu\u00edda por um evento gravado na noite do dia 4 de mar\u00e7o<\/strong><\/em><\/p>\n<p>Para marcar os 213 anos do Corpo de Fuzileiros Navais (CFN), a Marinha do Brasil (MB) preparou uma variedade de atra\u00e7\u00f5es, que foi exibida em 5 de mar\u00e7o, no canal oficial da For\u00e7a no YouTube. O Ministro da Defesa, Fernando Azevedo, presidiu a solenidade, que foi restrita a poucos convidados, em fun\u00e7\u00e3o das medidas de preven\u00e7\u00e3o \u00e0 Covid-19. \u201cNa minha carreira militar, tive a oportunidade de trabalhar, ombrear e guerrear junto com os Fuzileiros Navais, em v\u00e1rias oportunidades. E, como Ministro da Defesa, pude contar com essa tropa, da qual me sinto extremamente orgulhoso, em diversas ocasi\u00f5es, como nas opera\u00e7\u00f5es de derramamento de \u00f3leo, na Opera\u00e7\u00e3o &#8216;Verde Brasil&#8217; e na Opera\u00e7\u00e3o &#8216;Covid-19&#8217;. Parab\u00e9ns aos Fuzileiros Navais, salve a Marinha do Brasil. Adsumus!\u201d.<\/p>\n<p>Tamb\u00e9m estiveram presentes na cerim\u00f4nia o Comandante da Marinha, Almirante de Esquadra Ilques Barbosa Junior, e o Comandante-Geral do Corpo de Fuzileiros Navais, Almirante de Esquadra (FN) Paulo Martino Zuccaro, entre outras autoridades militares.<\/p>\n<p>De acordo com o Almirante de Esquadra (FN) Zuccaro, apesar de todas as dificuldades que a pandemia da Covid-19 trouxe a n\u00edvel global, o CFN conseguiu se reinventar e celebrar importantes conquistas em 2020.<\/p>\n<p>O p\u00fablico p\u00f4de prestigiar de casa a apresenta\u00e7\u00e3o, que teve como palco a hist\u00f3rica Fortaleza de S\u00e3o Jos\u00e9 (FSJ), constru\u00edda em 1736, na Ilha das Cobras, recanto privilegiado da Ba\u00eda da Guanabara, na cidade do Rio de Janeiro. Em paralelo \u00e0 apresenta\u00e7\u00e3o na FSJ, um dos principais cart\u00f5es-postais do Rio de Janeiro, o Cristo Redentor, foi iluminado, das 19h \u00e0s 21h, em homenagem \u00e0 data.<\/p>\n<p><strong>Celebra\u00e7\u00f5es<\/strong><\/p>\n<p>Atra\u00e7\u00f5es musicais, culturais e exibi\u00e7\u00e3o de v\u00eddeos e proje\u00e7\u00e3o mapeadas foram intercaladas por narrativas para contar um pouco da hist\u00f3ria do Corpo de Fuzileiros Navais, que remonta ao dia 7 de mar\u00e7o de 1808, quando aportava no Rio de Janeiro a Fam\u00edlia Real Portuguesa e, fazendo sua guarda, a Brigada Real da Marinha \u2013 origem do CFN.<\/p>\n<p>A tradicional Banda Marcial do Corpo de Fuzileiros Navais, caracterizada por formar figuras enquanto executa dobrados militares, foi uma das atra\u00e7\u00f5es da noite, assim como a Banda Sinf\u00f4nica do CFN, que fez uma apresenta\u00e7\u00e3o em grande estilo, trazendo um repert\u00f3rio variado.<\/p>\n<p>Os 20 anos do ingresso da primeira mulher no Corpo de Fuzileiros Navais foi lembrado durante a cerim\u00f4nia, que prestou uma homenagem \u00e0s militares do CFN, inclusive \u00e0 primeira aspirante da Escola Naval que optou pelo ingresso no Corpo. A ocasi\u00e3o marcou, ainda, a demonstra\u00e7\u00e3o dos novos meios operativos da For\u00e7a e do novo uniforme camuflado do CFN.<\/p>\n<p>Fonte: Marinha do Brasil<\/p>\n","protected":false},"excerpt":{"rendered":"<p>Devido o agravamento da Covid-19 no Rio de Janeiro, a cerim\u00f4nia, que seria transmitida ao vivo, foi substitu\u00edda por um evento gravado na noite do&#8230;<\/p>\n","protected":false},"author":1182,"featured_media":34217,"comment_status":"closed","ping_status":"closed","sticky":false,"template":"","format":"standard","meta":{"footnotes":""},"categories":[6],"tags":[4425,1727,2752,4424,2751,3651,922,59],"class_list":["post-34216","post","type-post","status-publish","format-standard","has-post-thumbnail","hentry","category-noticias","tag-213-anos","tag-celebracao","tag-coronavirus","tag-corpo-de-fuzileiros-navais","tag-covid-19","tag-cristo-redentor","tag-evento","tag-rio-de-janeiro"],"_links":{"self":[{"href":"https:\/\/www.sincomam.org.br\/index.php\/wp-json\/wp\/v2\/posts\/34216","targetHints":{"allow":["GET"]}}],"collection":[{"href":"https:\/\/www.sincomam.org.br\/index.php\/wp-json\/wp\/v2\/posts"}],"about":[{"href":"https:\/\/www.sincomam.org.br\/index.php\/wp-json\/wp\/v2\/types\/post"}],"author":[{"embeddable":true,"href":"https:\/\/www.sincomam.org.br\/index.php\/wp-json\/wp\/v2\/users\/1182"}],"replies":[{"embeddable":true,"href":"https:\/\/www.sincomam.org.br\/index.php\/wp-json\/wp\/v2\/comments?post=34216"}],"version-history":[{"count":1,"href":"https:\/\/www.sincomam.org.br\/index.php\/wp-json\/wp\/v2\/posts\/34216\/revisions"}],"predecessor-version":[{"id":34218,"href":"https:\/\/www.sincomam.org.br\/index.php\/wp-json\/wp\/v2\/posts\/34216\/revisions\/34218"}],"wp:featuredmedia":[{"embeddable":true,"href":"https:\/\/www.sincomam.org.br\/index.php\/wp-json\/wp\/v2\/media\/34217"}],"wp:attachment":[{"href":"https:\/\/www.sincomam.org.br\/index.php\/wp-json\/wp\/v2\/media?parent=34216"}],"wp:term":[{"taxonomy":"category","embeddable":true,"href":"https:\/\/www.sincomam.org.br\/index.php\/wp-json\/wp\/v2\/categories?post=34216"},{"taxonomy":"post_tag","embeddable":true,"href":"https:\/\/www.sincomam.org.br\/index.php\/wp-json\/wp\/v2\/tags?post=34216"}],"curies":[{"name":"wp","href":"https:\/\/api.w.org\/{rel}","templated":true}]}}