{"id":34210,"date":"2021-03-10T10:26:36","date_gmt":"2021-03-10T13:26:36","guid":{"rendered":"http:\/\/www.sincomam.org.br\/?p=34210"},"modified":"2021-03-10T10:26:36","modified_gmt":"2021-03-10T13:26:36","slug":"senado-avalia-voltar-o-projeto-de-lei-br-do-mar-nesta-quarta-feira","status":"publish","type":"post","link":"https:\/\/www.sincomam.org.br\/index.php\/senado-avalia-voltar-o-projeto-de-lei-br-do-mar-nesta-quarta-feira\/","title":{"rendered":"Senado avalia voltar o Projeto de Lei &#8220;BR do Mar&#8221; nesta quarta-feira"},"content":{"rendered":"<p><em><strong>Texto foi aprovado na C\u00e2mara dos Deputados no fim do ano passado, mas ainda enfrenta resist\u00eancias<\/strong><\/em><\/p>\n<p>O Senado informou que deve votar nesta quarta-feira (10), o Projeto de Lei\u00a0 conhecido como &#8220;BR do Mar&#8221;,\u00a0 que tem como objetivo aumentar a navega\u00e7\u00e3o por cabotagem, incentivar a concorr\u00eancia, criar novas rotas e reduzir custos.\u00a0A proposta j\u00e1 foi aprovada na C\u00e2mara dos Deputados, no ano passado, e tem como relator no Senado Nelsinho Trad (PSD-MS).<\/p>\n<p>O Minist\u00e9rio da Infraestrura\u00a0pretende ampliar o volume de cont\u00eaineres transportados, por ano, de 1,2 milh\u00e3o de TEUs (unidade equivalente a 20 p\u00e9s), em 2019, para 2 milh\u00f5es de TEUs, em 2022, al\u00e9m de ampliar em 40% a capacidade da frota mar\u00edtima dedicada \u00e0 cabotagem nos pr\u00f3ximos tr\u00eas anos, excluindo as embarca\u00e7\u00f5es dedicadas ao transporte de petr\u00f3leo e derivados.<\/p>\n<p>Antes de ser finalizada a an\u00e1lise, o texto enfrenta resist\u00eancia de senadores como Davi Alcolumbre (DEM-AP), Marcos Rog\u00e9rio (DEM-RO), e a bancada do PT. Al\u00e9m disso, a senadora K\u00e1tia Abreu (PP-TO) reclama que a proposta n\u00e3o resolve \u201camarras\u201d da Antaq para quest\u00f5es como o limite de viagens para o chamado afretamento a tempo, que \u00e9 o aluguel de navio por tempo determinado.<\/p>\n<p>*As informa\u00e7\u00f5es s\u00e3o da Ag\u00eancia Senado<\/p>\n","protected":false},"excerpt":{"rendered":"<p>Texto foi aprovado na C\u00e2mara dos Deputados no fim do ano passado, mas ainda enfrenta resist\u00eancias O Senado informou que deve votar nesta quarta-feira (10),&#8230;<\/p>\n","protected":false},"author":1182,"featured_media":32876,"comment_status":"closed","ping_status":"closed","sticky":false,"template":"","format":"standard","meta":{"footnotes":""},"categories":[6],"tags":[1174,4421,301,818,3561,61,82,4422,886,117,69,367,4014,924,189,3875],"class_list":["post-34210","post","type-post","status-publish","format-standard","has-post-thumbnail","hentry","category-noticias","tag-afretamento","tag-aluguel","tag-antaq","tag-aprovacao","tag-br-do-mar","tag-brasil","tag-cabotagem","tag-ministerio-da-infraestrura","tag-navegacao","tag-navios","tag-portos","tag-projeto","tag-resistencia","tag-senado","tag-transporte","tag-voto"],"_links":{"self":[{"href":"https:\/\/www.sincomam.org.br\/index.php\/wp-json\/wp\/v2\/posts\/34210","targetHints":{"allow":["GET"]}}],"collection":[{"href":"https:\/\/www.sincomam.org.br\/index.php\/wp-json\/wp\/v2\/posts"}],"about":[{"href":"https:\/\/www.sincomam.org.br\/index.php\/wp-json\/wp\/v2\/types\/post"}],"author":[{"embeddable":true,"href":"https:\/\/www.sincomam.org.br\/index.php\/wp-json\/wp\/v2\/users\/1182"}],"replies":[{"embeddable":true,"href":"https:\/\/www.sincomam.org.br\/index.php\/wp-json\/wp\/v2\/comments?post=34210"}],"version-history":[{"count":1,"href":"https:\/\/www.sincomam.org.br\/index.php\/wp-json\/wp\/v2\/posts\/34210\/revisions"}],"predecessor-version":[{"id":34211,"href":"https:\/\/www.sincomam.org.br\/index.php\/wp-json\/wp\/v2\/posts\/34210\/revisions\/34211"}],"wp:featuredmedia":[{"embeddable":true,"href":"https:\/\/www.sincomam.org.br\/index.php\/wp-json\/wp\/v2\/media\/32876"}],"wp:attachment":[{"href":"https:\/\/www.sincomam.org.br\/index.php\/wp-json\/wp\/v2\/media?parent=34210"}],"wp:term":[{"taxonomy":"category","embeddable":true,"href":"https:\/\/www.sincomam.org.br\/index.php\/wp-json\/wp\/v2\/categories?post=34210"},{"taxonomy":"post_tag","embeddable":true,"href":"https:\/\/www.sincomam.org.br\/index.php\/wp-json\/wp\/v2\/tags?post=34210"}],"curies":[{"name":"wp","href":"https:\/\/api.w.org\/{rel}","templated":true}]}}