{"id":34190,"date":"2021-03-09T10:45:34","date_gmt":"2021-03-09T13:45:34","guid":{"rendered":"http:\/\/www.sincomam.org.br\/?p=34190"},"modified":"2021-03-09T10:45:34","modified_gmt":"2021-03-09T13:45:34","slug":"camara-realiza-nesta-terca-feira-sessao-para-analise-da-pec-emergencial","status":"publish","type":"post","link":"https:\/\/www.sincomam.org.br\/index.php\/camara-realiza-nesta-terca-feira-sessao-para-analise-da-pec-emergencial\/","title":{"rendered":"C\u00e2mara realiza nesta ter\u00e7a-feira sess\u00e3o para an\u00e1lise da PEC Emergencial"},"content":{"rendered":"<p><strong><em>Proposta \u00e9 o item \u00fanico da pauta do Plen\u00e1rio<\/em><\/strong><\/p>\n<p>A C\u00e2mara dos Deputados realiza sess\u00e3o do Plen\u00e1rio nesta ter\u00e7a-feira (9), a partir das 10 horas, para an\u00e1lise da PEC Emergencial (Proposta de Emenda \u00e0 Constitui\u00e7\u00e3o 186\/19). A proposta \u00e9 o item \u00fanico da pauta.<\/p>\n<p>Aprovada na \u00faltima quinta-feira (4) pelo Senado, a PEC permite ao governo federal pagar um aux\u00edlio emergencial em 2021 com R$ 44 bilh\u00f5es por fora do teto de gastos e imp\u00f5e mais rigidez para a aplica\u00e7\u00e3o de medidas de conten\u00e7\u00e3o fiscal, controle de despesas com pessoal e redu\u00e7\u00e3o de incentivos tribut\u00e1rios.<\/p>\n<p>A dura\u00e7\u00e3o do novo aux\u00edlio, sua abrang\u00eancia e o valor individual ainda ser\u00e3o definidos pelo Poder Executivo.<\/p>\n<p>J\u00e1 as medidas de conten\u00e7\u00e3o de despesas para a Uni\u00e3o ser\u00e3o acionadas quando for atingido um gatilho relacionado \u00e0s despesas obrigat\u00f3rias. No caso de estados, Distrito Federal e munic\u00edpios, por causa da autonomia federativa, as medidas ser\u00e3o facultativas.<\/p>\n<p>Fonte: Ag\u00eancia C\u00e2mara de Not\u00edcias<\/p>\n<p><strong>Leia tamb\u00e9m:<a href=\"https:\/\/www.sincomam.org.br\/index.php\/camara-dos-deputados-vota-esta-semana-a-pec-emergencial\/\" target=\"_blank\" rel=\"noopener noreferrer\"> O que diz a PEC Emergencial<\/a><\/strong><\/p>\n","protected":false},"excerpt":{"rendered":"<p>Proposta \u00e9 o item \u00fanico da pauta do Plen\u00e1rio A C\u00e2mara dos Deputados realiza sess\u00e3o do Plen\u00e1rio nesta ter\u00e7a-feira (9), a partir das 10 horas,&#8230;<\/p>\n","protected":false},"author":1182,"featured_media":33647,"comment_status":"closed","ping_status":"closed","sticky":false,"template":"","format":"standard","meta":{"footnotes":""},"categories":[6],"tags":[854,2145,4395,1098],"class_list":["post-34190","post","type-post","status-publish","format-standard","has-post-thumbnail","hentry","category-noticias","tag-analise","tag-camara-dos-deputados","tag-pec-emergencial","tag-sessao"],"_links":{"self":[{"href":"https:\/\/www.sincomam.org.br\/index.php\/wp-json\/wp\/v2\/posts\/34190","targetHints":{"allow":["GET"]}}],"collection":[{"href":"https:\/\/www.sincomam.org.br\/index.php\/wp-json\/wp\/v2\/posts"}],"about":[{"href":"https:\/\/www.sincomam.org.br\/index.php\/wp-json\/wp\/v2\/types\/post"}],"author":[{"embeddable":true,"href":"https:\/\/www.sincomam.org.br\/index.php\/wp-json\/wp\/v2\/users\/1182"}],"replies":[{"embeddable":true,"href":"https:\/\/www.sincomam.org.br\/index.php\/wp-json\/wp\/v2\/comments?post=34190"}],"version-history":[{"count":1,"href":"https:\/\/www.sincomam.org.br\/index.php\/wp-json\/wp\/v2\/posts\/34190\/revisions"}],"predecessor-version":[{"id":34191,"href":"https:\/\/www.sincomam.org.br\/index.php\/wp-json\/wp\/v2\/posts\/34190\/revisions\/34191"}],"wp:featuredmedia":[{"embeddable":true,"href":"https:\/\/www.sincomam.org.br\/index.php\/wp-json\/wp\/v2\/media\/33647"}],"wp:attachment":[{"href":"https:\/\/www.sincomam.org.br\/index.php\/wp-json\/wp\/v2\/media?parent=34190"}],"wp:term":[{"taxonomy":"category","embeddable":true,"href":"https:\/\/www.sincomam.org.br\/index.php\/wp-json\/wp\/v2\/categories?post=34190"},{"taxonomy":"post_tag","embeddable":true,"href":"https:\/\/www.sincomam.org.br\/index.php\/wp-json\/wp\/v2\/tags?post=34190"}],"curies":[{"name":"wp","href":"https:\/\/api.w.org\/{rel}","templated":true}]}}