{"id":34163,"date":"2021-03-08T09:39:54","date_gmt":"2021-03-08T12:39:54","guid":{"rendered":"http:\/\/www.sincomam.org.br\/?p=34163"},"modified":"2021-03-08T09:39:54","modified_gmt":"2021-03-08T12:39:54","slug":"camara-dos-deputados-vota-esta-semana-a-pec-emergencial","status":"publish","type":"post","link":"https:\/\/www.sincomam.org.br\/index.php\/camara-dos-deputados-vota-esta-semana-a-pec-emergencial\/","title":{"rendered":"C\u00e2mara dos Deputados vota esta semana a PEC Emergencial"},"content":{"rendered":"<p><strong><em>Proposta facilita a volta do aux\u00edlio emergencial<\/em><\/strong><\/p>\n<p>A C\u00e2mara dos Deputados marcou para esta semana a vota\u00e7\u00e3o da Proposta de Emenda \u00e0 Constitui\u00e7\u00e3o (PEC) 186\/2019, a PEC Emergencial. O presidente da Casa, Arthur Lira, anunciou que pautar\u00e1 a PEC para aprecia\u00e7\u00e3o diretamente no plen\u00e1rio, sem passar por comiss\u00f5es. A expectativa \u00e9 aprovar a admissibilidade do texto na ter\u00e7a-feira (9) e, no dia seguinte, a vota\u00e7\u00e3o em plen\u00e1rio em dois turnos.<\/p>\n<p>Na avalia\u00e7\u00e3o de Lira, \u00e9 importante aprovar logo a PEC para possibilitar o pagamento de novas parcelas do aux\u00edlio emergencial \u00e0 popula\u00e7\u00e3o ainda em mar\u00e7o. O relator da proposta na C\u00e2mara \u00e9 o deputado Daniel Freitas (PSL-SC).<\/p>\n<p>O texto cria mecanismos de ajuste fiscal, caso as opera\u00e7\u00f5es de cr\u00e9dito da Uni\u00e3o excedam as despesas. Entre as medidas, est\u00e3o barreiras para que a Uni\u00e3o, os estados e os munic\u00edpios criem despesas obrigat\u00f3rias ou benef\u00edcios tribut\u00e1rios. A PEC tamb\u00e9m possibilita o pagamento do aux\u00edlio emergencial com cr\u00e9ditos extraordin\u00e1rios sem ferir o teto de gastos p\u00fablicos.<\/p>\n<p>No Senado, o texto sofreu mudan\u00e7as importantes. O relat\u00f3rio do senador M\u00e1rcio Bittar (MDB-AC) teve que ceder \u00e0 resist\u00eancia de v\u00e1rios colegas e foi retirado o trecho mais pol\u00eamico do seu parecer, o fim da vincula\u00e7\u00e3o obrigat\u00f3ria de parte do or\u00e7amento a investimentos com sa\u00fade e educa\u00e7\u00e3o. Bittar tamb\u00e9m retirou a redu\u00e7\u00e3o de sal\u00e1rio e jornada de trabalho dos servidores p\u00fablicos, como expediente de ajuste fiscal e equil\u00edbrio das contas p\u00fablicas.<\/p>\n<p>Bittar adicionou uma \u201ctrava\u201d a mais para evitar um gasto excessivo com o aux\u00edlio emergencial. O relator limitou a R$ 44 bilh\u00f5es o valor dispon\u00edvel para pagamento do aux\u00edlio emergencial. O governo estima retornar com o aux\u00edlio emergencial em forma de quatro parcelas de R$ 250 ainda este m\u00eas.<\/p>\n<p>Fonte: Ag\u00eancia Brasil<\/p>\n","protected":false},"excerpt":{"rendered":"<p>Proposta facilita a volta do aux\u00edlio emergencial A C\u00e2mara dos Deputados marcou para esta semana a vota\u00e7\u00e3o da Proposta de Emenda \u00e0 Constitui\u00e7\u00e3o (PEC) 186\/2019,&#8230;<\/p>\n","protected":false},"author":1182,"featured_media":33973,"comment_status":"closed","ping_status":"closed","sticky":false,"template":"","format":"standard","meta":{"footnotes":""},"categories":[6],"tags":[2145,4395,1593,974],"class_list":["post-34163","post","type-post","status-publish","format-standard","has-post-thumbnail","hentry","category-noticias","tag-camara-dos-deputados","tag-pec-emergencial","tag-proposta","tag-votacao"],"_links":{"self":[{"href":"https:\/\/www.sincomam.org.br\/index.php\/wp-json\/wp\/v2\/posts\/34163","targetHints":{"allow":["GET"]}}],"collection":[{"href":"https:\/\/www.sincomam.org.br\/index.php\/wp-json\/wp\/v2\/posts"}],"about":[{"href":"https:\/\/www.sincomam.org.br\/index.php\/wp-json\/wp\/v2\/types\/post"}],"author":[{"embeddable":true,"href":"https:\/\/www.sincomam.org.br\/index.php\/wp-json\/wp\/v2\/users\/1182"}],"replies":[{"embeddable":true,"href":"https:\/\/www.sincomam.org.br\/index.php\/wp-json\/wp\/v2\/comments?post=34163"}],"version-history":[{"count":1,"href":"https:\/\/www.sincomam.org.br\/index.php\/wp-json\/wp\/v2\/posts\/34163\/revisions"}],"predecessor-version":[{"id":34164,"href":"https:\/\/www.sincomam.org.br\/index.php\/wp-json\/wp\/v2\/posts\/34163\/revisions\/34164"}],"wp:featuredmedia":[{"embeddable":true,"href":"https:\/\/www.sincomam.org.br\/index.php\/wp-json\/wp\/v2\/media\/33973"}],"wp:attachment":[{"href":"https:\/\/www.sincomam.org.br\/index.php\/wp-json\/wp\/v2\/media?parent=34163"}],"wp:term":[{"taxonomy":"category","embeddable":true,"href":"https:\/\/www.sincomam.org.br\/index.php\/wp-json\/wp\/v2\/categories?post=34163"},{"taxonomy":"post_tag","embeddable":true,"href":"https:\/\/www.sincomam.org.br\/index.php\/wp-json\/wp\/v2\/tags?post=34163"}],"curies":[{"name":"wp","href":"https:\/\/api.w.org\/{rel}","templated":true}]}}