{"id":34161,"date":"2021-03-08T09:33:31","date_gmt":"2021-03-08T12:33:31","guid":{"rendered":"http:\/\/www.sincomam.org.br\/?p=34161"},"modified":"2021-03-08T09:33:31","modified_gmt":"2021-03-08T12:33:31","slug":"guedes-anuncia-antecipacao-de-13o-de-beneficiarios-do-inss","status":"publish","type":"post","link":"https:\/\/www.sincomam.org.br\/index.php\/guedes-anuncia-antecipacao-de-13o-de-beneficiarios-do-inss\/","title":{"rendered":"Guedes anuncia antecipa\u00e7\u00e3o de 13\u00ba de benefici\u00e1rios do INSS"},"content":{"rendered":"<p><strong><em>Ministro diz que pretende reeditar programa de redu\u00e7\u00e3o de jornada<\/em><\/strong><\/p>\n<p>Pelo segundo ano consecutivo, os aposentados e pensionistas do Instituto Nacional de Seguridade Social (INSS) receber\u00e3o o d\u00e9cimo terceiro sal\u00e1rio de forma antecipada, disse o Ministro da Economia, Paulo Guedes. Segundo o ministro, a medida s\u00f3 vai ocorrer depois da aprova\u00e7\u00e3o do Or\u00e7amento Geral da Uni\u00e3o deste ano.<\/p>\n<p><em>\u201cO abono salarial j\u00e1 foi antecipado. Agora, assim que aprovar o or\u00e7amento, vai ser antecipado o d\u00e9cimo terceiro justamente dos mais fr\u00e1geis, dos mais idosos, como fizemos da outra vez\u201d, ressaltou o ministro. <\/em><\/p>\n<p>No ano passado, os benefici\u00e1rios do INSS tiveram o d\u00e9cimo terceiro antecipado para abril como medida de ajuda \u00e0 popula\u00e7\u00e3o mais afetada pela pandemia de covid-19.<\/p>\n<p>O ministro deu a declara\u00e7\u00e3o ap\u00f3s reuni\u00e3o com o deputado Daniel Freitas (PSL-SC), relator da proposta de emenda \u00e0 Constitui\u00e7\u00e3o (PEC) Emergencial na C\u00e2mara dos Deputados. Aprovado ontem (5) em segundo turno pelo Senado, o texto foi encaminhado para a C\u00e2mara, onde deve ser votado na pr\u00f3xima semana.<\/p>\n<p>Guedes tamb\u00e9m anunciou que pretende reeditar o programa de suspens\u00e3o de contratos e de redu\u00e7\u00e3o de jornada (com redu\u00e7\u00e3o proporcional de sal\u00e1rios) que vigorou no ano passado. \u201cO BEm, que \u00e9 o programa de preserva\u00e7\u00e3o de empregos, j\u00e1 est\u00e3o sendo disparadas as novas bases. Ent\u00e3o, tem mais coisa vindo por a\u00ed\u201d, acrescentou Guedes.<\/p>\n<p>Chamado de Benef\u00edcio Emergencial (BEm), o programa prev\u00ea que o trabalhador com contrato suspenso ou jornada reduzida receba a parcela do seguro-desemprego a que teria direito se fosse demitido em troca do corte no sal\u00e1rio. Em troca, o empregador n\u00e3o pode demitir o trabalhador ap\u00f3s o fim da ajuda pelo tempo em que o trabalhador recebeu o BEm.<\/p>\n<p>Fonte: Ag\u00eancia Brasil<\/p>\n","protected":false},"excerpt":{"rendered":"<p>Ministro diz que pretende reeditar programa de redu\u00e7\u00e3o de jornada Pelo segundo ano consecutivo, os aposentados e pensionistas do Instituto Nacional de Seguridade Social (INSS)&#8230;<\/p>\n","protected":false},"author":1182,"featured_media":17827,"comment_status":"closed","ping_status":"closed","sticky":false,"template":"","format":"standard","meta":{"footnotes":""},"categories":[6],"tags":[3030,3236,818,2833,1839,3910,4395],"class_list":["post-34161","post","type-post","status-publish","format-standard","has-post-thumbnail","hentry","category-noticias","tag-13o-salario","tag-antecipacao","tag-aprovacao","tag-beneficiarios","tag-inss","tag-ministerio-da-economia","tag-pec-emergencial"],"_links":{"self":[{"href":"https:\/\/www.sincomam.org.br\/index.php\/wp-json\/wp\/v2\/posts\/34161","targetHints":{"allow":["GET"]}}],"collection":[{"href":"https:\/\/www.sincomam.org.br\/index.php\/wp-json\/wp\/v2\/posts"}],"about":[{"href":"https:\/\/www.sincomam.org.br\/index.php\/wp-json\/wp\/v2\/types\/post"}],"author":[{"embeddable":true,"href":"https:\/\/www.sincomam.org.br\/index.php\/wp-json\/wp\/v2\/users\/1182"}],"replies":[{"embeddable":true,"href":"https:\/\/www.sincomam.org.br\/index.php\/wp-json\/wp\/v2\/comments?post=34161"}],"version-history":[{"count":1,"href":"https:\/\/www.sincomam.org.br\/index.php\/wp-json\/wp\/v2\/posts\/34161\/revisions"}],"predecessor-version":[{"id":34162,"href":"https:\/\/www.sincomam.org.br\/index.php\/wp-json\/wp\/v2\/posts\/34161\/revisions\/34162"}],"wp:featuredmedia":[{"embeddable":true,"href":"https:\/\/www.sincomam.org.br\/index.php\/wp-json\/wp\/v2\/media\/17827"}],"wp:attachment":[{"href":"https:\/\/www.sincomam.org.br\/index.php\/wp-json\/wp\/v2\/media?parent=34161"}],"wp:term":[{"taxonomy":"category","embeddable":true,"href":"https:\/\/www.sincomam.org.br\/index.php\/wp-json\/wp\/v2\/categories?post=34161"},{"taxonomy":"post_tag","embeddable":true,"href":"https:\/\/www.sincomam.org.br\/index.php\/wp-json\/wp\/v2\/tags?post=34161"}],"curies":[{"name":"wp","href":"https:\/\/api.w.org\/{rel}","templated":true}]}}