{"id":34152,"date":"2021-03-05T13:57:20","date_gmt":"2021-03-05T16:57:20","guid":{"rendered":"http:\/\/www.sincomam.org.br\/?p=34152"},"modified":"2021-03-05T13:57:20","modified_gmt":"2021-03-05T16:57:20","slug":"portos-do-parana-estao-preparados-para-o-atendimento-a-emergencias","status":"publish","type":"post","link":"https:\/\/www.sincomam.org.br\/index.php\/portos-do-parana-estao-preparados-para-o-atendimento-a-emergencias\/","title":{"rendered":"Portos do Paran\u00e1 est\u00e3o preparados para o atendimento a emerg\u00eancias"},"content":{"rendered":"<p>A empresa p\u00fablica Portos do Paran\u00e1 reafirmou seu compromisso com a preserva\u00e7\u00e3o da vida, da sa\u00fade e do meio ambiente no desenvolvimento das atividades portu\u00e1rias no Estado. Com equipamentos, m\u00e3o de obra preparada e revis\u00e3o constante dos protocolos de a\u00e7\u00e3o e preven\u00e7\u00e3o, a empresa informou que est\u00e1 preparada para atuar em casos de emerg\u00eancia.<\/p>\n<p>Segundo a empresa, os tr\u00eas \u00faltimos acidentes que balizam a evolu\u00e7\u00e3o da comunidade portu\u00e1ria paranaense, em rela\u00e7\u00e3o \u00e0s emerg\u00eancias, s\u00e3o o ocorrido com o navio &#8220;Norma&#8221; (outubro de 2001); a explos\u00e3o do navio Vicu\u00f1a (novembro de 2004); e o vazamento do Terminal P\u00fablico de \u00c1lcool (julho de 2009).<\/p>\n<p><em>\u201cEsse hist\u00f3rico foi usado para dimensionar o Centro de Prontid\u00e3o Ambiental. Usamos como refer\u00eancia para dimensionar e preparar as equipes para atendimento a novos acidentes\u201d, disse o diretor de Meio Ambiente da Portos do Paran\u00e1, Jo\u00e3o Paulo Ribeiro Santana.<\/em><\/p>\n<p>Segundo ele, a empresa p\u00fablica segue um cronograma permanente de execu\u00e7\u00e3o dos simulados, treinamentos pr\u00e1ticos e te\u00f3ricos, com cen\u00e1rios previstos nos planos emergenciais.<\/p>\n<p>O Porto de Paranagu\u00e1 \u00e9 dos \u00fanicos portos p\u00fablicos, no Brasil, a ter um Centro de Prontid\u00e3o Ambiental instalado em faixa prim\u00e1ria.<\/p>\n<p>O Centro tem 1.129 metros quadrados, e foi planejado para sediar a coordena\u00e7\u00e3o do atendimento \u00e0s emerg\u00eancias ambientais e otimizar o trabalho das equipes de prontid\u00e3o, fazendo com que a capacidade e o tempo de resposta em situa\u00e7\u00f5es de acidente esteja entre os mais c\u00e9leres do Brasil. A edifica\u00e7\u00e3o tamb\u00e9m possui infraestrutura para treinamentos, sala de crise e instala\u00e7\u00f5es necess\u00e1rias para situa\u00e7\u00f5es de emerg\u00eancias tanto terrestres quanto aqu\u00e1ticas.<\/p>\n<p>Al\u00e9m de embarca\u00e7\u00f5es e ve\u00edculos para emerg\u00eancia em terra, motobombas, barreiras de conten\u00e7\u00e3o, recolhedores, bombas para produtos qu\u00edmicos, tanques para armazenamentos de res\u00edduos s\u00f3lidos e l\u00edquidos, o local conta com equipamentos de prote\u00e7\u00e3o individual para atendimento dos mais variados n\u00edveis de emerg\u00eancia.<\/p>\n<p>Foto: Pierpaolo Nota\/Portos do Paran\u00e1 &#8211; Simulado de vazamento de \u00f3leo no Pier<\/p>\n","protected":false},"excerpt":{"rendered":"<p>A empresa p\u00fablica Portos do Paran\u00e1 reafirmou seu compromisso com a preserva\u00e7\u00e3o da vida, da sa\u00fade e do meio ambiente no desenvolvimento das atividades portu\u00e1rias&#8230;<\/p>\n","protected":false},"author":1182,"featured_media":34153,"comment_status":"closed","ping_status":"closed","sticky":false,"template":"","format":"standard","meta":{"footnotes":""},"categories":[6],"tags":[1227,720,660,187,3922],"class_list":["post-34152","post","type-post","status-publish","format-standard","has-post-thumbnail","hentry","category-noticias","tag-antonina","tag-atendimento","tag-emergencia","tag-paranagua","tag-portos-do-parana"],"_links":{"self":[{"href":"https:\/\/www.sincomam.org.br\/index.php\/wp-json\/wp\/v2\/posts\/34152","targetHints":{"allow":["GET"]}}],"collection":[{"href":"https:\/\/www.sincomam.org.br\/index.php\/wp-json\/wp\/v2\/posts"}],"about":[{"href":"https:\/\/www.sincomam.org.br\/index.php\/wp-json\/wp\/v2\/types\/post"}],"author":[{"embeddable":true,"href":"https:\/\/www.sincomam.org.br\/index.php\/wp-json\/wp\/v2\/users\/1182"}],"replies":[{"embeddable":true,"href":"https:\/\/www.sincomam.org.br\/index.php\/wp-json\/wp\/v2\/comments?post=34152"}],"version-history":[{"count":1,"href":"https:\/\/www.sincomam.org.br\/index.php\/wp-json\/wp\/v2\/posts\/34152\/revisions"}],"predecessor-version":[{"id":34154,"href":"https:\/\/www.sincomam.org.br\/index.php\/wp-json\/wp\/v2\/posts\/34152\/revisions\/34154"}],"wp:featuredmedia":[{"embeddable":true,"href":"https:\/\/www.sincomam.org.br\/index.php\/wp-json\/wp\/v2\/media\/34153"}],"wp:attachment":[{"href":"https:\/\/www.sincomam.org.br\/index.php\/wp-json\/wp\/v2\/media?parent=34152"}],"wp:term":[{"taxonomy":"category","embeddable":true,"href":"https:\/\/www.sincomam.org.br\/index.php\/wp-json\/wp\/v2\/categories?post=34152"},{"taxonomy":"post_tag","embeddable":true,"href":"https:\/\/www.sincomam.org.br\/index.php\/wp-json\/wp\/v2\/tags?post=34152"}],"curies":[{"name":"wp","href":"https:\/\/api.w.org\/{rel}","templated":true}]}}