{"id":34149,"date":"2021-03-05T13:44:51","date_gmt":"2021-03-05T16:44:51","guid":{"rendered":"http:\/\/www.sincomam.org.br\/?p=34149"},"modified":"2021-03-05T13:44:51","modified_gmt":"2021-03-05T16:44:51","slug":"governo-inaugura-em-goias-trecho-da-ferrovia-norte-sul","status":"publish","type":"post","link":"https:\/\/www.sincomam.org.br\/index.php\/governo-inaugura-em-goias-trecho-da-ferrovia-norte-sul\/","title":{"rendered":"Governo inaugura em Goi\u00e1s trecho da Ferrovia Norte-Sul"},"content":{"rendered":"<p><em><strong>Presidente Bolsonaro e ministro Tarc\u00edsio de Freitas participaram da cerim\u00f4nia, que marca liga\u00e7\u00e3o do estado ao Porto de Santos<\/strong><\/em><\/p>\n<p>A empresa Rumo entregou, nesta quinta-feira (4), 172 quil\u00f4metros de ferrovia que liga a cidade de S\u00e3o Sim\u00e3o, em Goi\u00e1s, a Estrela D\u2019Oeste, em S\u00e3o Paulo. O trecho faz parte da Ferrovia Norte-Sul e est\u00e1 concedido desde 2019 \u00e0 iniciativa privada, que investiu R$ 711 milh\u00f5es na obra.<img decoding=\"async\" src=\"https:\/\/agenciabrasil.ebc.com.br\/ebc.png?id=1403012&amp;o=node\" \/><img decoding=\"async\" src=\"https:\/\/agenciabrasil.ebc.com.br\/ebc.gif?id=1403012&amp;o=node\" \/><\/p>\n<p>O presidente Jair Bolsonaro, e o ministro da Infraestrutura, Tarc\u00edsio Gomes de Freitas, participaram da inaugura\u00e7\u00e3o, que marcou o in\u00edcio da opera\u00e7\u00e3o do corredor ferrovi\u00e1rio ligando o estado de Goi\u00e1s ao Porto de Santos, por meio da conex\u00e3o entre as malhas da Ferrovia Norte-Sul e a Malha Paulista.<\/p>\n<p>A expectativa do governo \u00e9 que os 1.537 quil\u00f4metros da concess\u00e3o da Malha Central da ferrovia, entre Porto Nacional, em Tocantins, e Estrela d\u2019Oeste, em S\u00e3o Paulo, estejam totalmente operacionais at\u00e9 o fim de julho. O objetivo do governo federal \u00e9 aumentar a participa\u00e7\u00e3o do transporte ferrovi\u00e1rio de 15% para 35% na matriz nacional de transporte nos pr\u00f3ximos anos.<\/p>\n<p>Com dura\u00e7\u00e3o de 30 anos, o contrato da Rumo compreende 1.537 quil\u00f4metros da Malha Central, entre Porto Nacional\/TO e Estrela D\u2019Oeste\/SP, que estar\u00e3o 100% operacionais at\u00e9 o fim de julho pr\u00f3ximo.<\/p>\n<p><strong>Terminal<\/strong><\/p>\n<p>O terminal de S\u00e3o Sim\u00e3o ser\u00e1 utilizado para o transbordo de gr\u00e3os (soja e milho) e farelo de soja. A capacidade \u00e9 de aproximadamente 5,5 milh\u00f5es de toneladas por ano. S\u00e3o quatro tombadores e seis silos, com 42 mil toneladas de capacidade est\u00e1tica. O terminal conta ainda com uma tulha de carregamento, com capacidade para carregar 3 mil toneladas por hora, o que permite encher um trem com 120 vag\u00f5es em menos de oito horas. Durante a constru\u00e7\u00e3o do terminal foram gerados 290 empregos diretos e mais de 1 mil indiretos. Com o in\u00edcio da opera\u00e7\u00e3o, ser\u00e3o 90 empregos diretos, al\u00e9m de grande influ\u00eancia na economia regional.<\/p>\n<p>*Com informa\u00e7\u00f5es do MInfra<\/p>\n<p>Foto: Ricardo Botelho\/Aescom MInfra<\/p>\n","protected":false},"excerpt":{"rendered":"<p>Presidente Bolsonaro e ministro Tarc\u00edsio de Freitas participaram da cerim\u00f4nia, que marca liga\u00e7\u00e3o do estado ao Porto de Santos A empresa Rumo entregou, nesta quinta-feira&#8230;<\/p>\n","protected":false},"author":1182,"featured_media":34150,"comment_status":"closed","ping_status":"closed","sticky":false,"template":"","format":"standard","meta":{"footnotes":""},"categories":[6],"tags":[4399,622,536,435,4400,3004],"class_list":["post-34149","post","type-post","status-publish","format-standard","has-post-thumbnail","hentry","category-noticias","tag-ferrovia-norte-sul","tag-goias","tag-inauguracao","tag-porto-de-santos","tag-rumo","tag-trecho"],"_links":{"self":[{"href":"https:\/\/www.sincomam.org.br\/index.php\/wp-json\/wp\/v2\/posts\/34149","targetHints":{"allow":["GET"]}}],"collection":[{"href":"https:\/\/www.sincomam.org.br\/index.php\/wp-json\/wp\/v2\/posts"}],"about":[{"href":"https:\/\/www.sincomam.org.br\/index.php\/wp-json\/wp\/v2\/types\/post"}],"author":[{"embeddable":true,"href":"https:\/\/www.sincomam.org.br\/index.php\/wp-json\/wp\/v2\/users\/1182"}],"replies":[{"embeddable":true,"href":"https:\/\/www.sincomam.org.br\/index.php\/wp-json\/wp\/v2\/comments?post=34149"}],"version-history":[{"count":1,"href":"https:\/\/www.sincomam.org.br\/index.php\/wp-json\/wp\/v2\/posts\/34149\/revisions"}],"predecessor-version":[{"id":34151,"href":"https:\/\/www.sincomam.org.br\/index.php\/wp-json\/wp\/v2\/posts\/34149\/revisions\/34151"}],"wp:featuredmedia":[{"embeddable":true,"href":"https:\/\/www.sincomam.org.br\/index.php\/wp-json\/wp\/v2\/media\/34150"}],"wp:attachment":[{"href":"https:\/\/www.sincomam.org.br\/index.php\/wp-json\/wp\/v2\/media?parent=34149"}],"wp:term":[{"taxonomy":"category","embeddable":true,"href":"https:\/\/www.sincomam.org.br\/index.php\/wp-json\/wp\/v2\/categories?post=34149"},{"taxonomy":"post_tag","embeddable":true,"href":"https:\/\/www.sincomam.org.br\/index.php\/wp-json\/wp\/v2\/tags?post=34149"}],"curies":[{"name":"wp","href":"https:\/\/api.w.org\/{rel}","templated":true}]}}