{"id":34142,"date":"2021-03-05T10:27:37","date_gmt":"2021-03-05T13:27:37","guid":{"rendered":"http:\/\/www.sincomam.org.br\/?p=34142"},"modified":"2021-03-05T10:27:37","modified_gmt":"2021-03-05T13:27:37","slug":"autoridade-maritima-brasileira-participa-do-summit-br-do-mar","status":"publish","type":"post","link":"https:\/\/www.sincomam.org.br\/index.php\/autoridade-maritima-brasileira-participa-do-summit-br-do-mar\/","title":{"rendered":"Autoridade Mar\u00edtima Brasileira participa do \u201cSummit BR do Mar\u201d"},"content":{"rendered":"<p><em><strong>Evento debateu o futuro da cabotagem com autoridades e especialistas<\/strong><\/em><\/p>\n<p>A Marinha do Brasil (MB) informa que participou do encontro conhecido como BR do Mar, realizado no dia 25 de fevereiro, em Santos (SP), sede do maior complexo portu\u00e1rio da Am\u00e9rica Latina. O evento colocou em pauta o Projeto de Lei 4.199\/2020, que tem como objetivo incentivar o desenvolvimento da ind\u00fastria naval brasileira e &#8220;destravar&#8221; suas principais barreiras burocr\u00e1ticas e log\u00edsticas, que acabam impactando negativamente na competitividade do modal aquavi\u00e1rio.<\/p>\n<p>Para abordar o tema, a Maritime Law Academy, com o apoio do Grupo Tribuna, reuniu importantes autoridades dos setores mar\u00edtimo e portu\u00e1rio para a realiza\u00e7\u00e3o do evento.<\/p>\n<p>Como representante da Autoridade Mar\u00edtima Brasileira, o Diretor de Portos e Costas, Vice-Almirante Alexandre Cursino, destacou a import\u00e2ncia da seguran\u00e7a da navega\u00e7\u00e3o para o adequado desenvolvimento da cabotagem no Pa\u00eds, uma das potencialidades da nossa Amaz\u00f4nia Azul. Ressaltou tamb\u00e9m que com o est\u00edmulo do Governo Federal \u00e0 cabotagem, h\u00e1 grande perspectiva de crescimento para o Pa\u00eds, o que ser\u00e1 de suma import\u00e2ncia, especialmente para o p\u00f3s-pandemia.<\/p>\n<p>*Com informa\u00e7\u00f5es da MB<\/p>\n","protected":false},"excerpt":{"rendered":"<p>Evento debateu o futuro da cabotagem com autoridades e especialistas A Marinha do Brasil (MB) informa que participou do encontro conhecido como BR do Mar,&#8230;<\/p>\n","protected":false},"author":1182,"featured_media":34143,"comment_status":"closed","ping_status":"closed","sticky":false,"template":"","format":"standard","meta":{"footnotes":""},"categories":[6],"tags":[922,1013,73,4398],"class_list":["post-34142","post","type-post","status-publish","format-standard","has-post-thumbnail","hentry","category-noticias","tag-evento","tag-marinha-do-brasil","tag-participacao","tag-summit-br-do-mar"],"_links":{"self":[{"href":"https:\/\/www.sincomam.org.br\/index.php\/wp-json\/wp\/v2\/posts\/34142","targetHints":{"allow":["GET"]}}],"collection":[{"href":"https:\/\/www.sincomam.org.br\/index.php\/wp-json\/wp\/v2\/posts"}],"about":[{"href":"https:\/\/www.sincomam.org.br\/index.php\/wp-json\/wp\/v2\/types\/post"}],"author":[{"embeddable":true,"href":"https:\/\/www.sincomam.org.br\/index.php\/wp-json\/wp\/v2\/users\/1182"}],"replies":[{"embeddable":true,"href":"https:\/\/www.sincomam.org.br\/index.php\/wp-json\/wp\/v2\/comments?post=34142"}],"version-history":[{"count":1,"href":"https:\/\/www.sincomam.org.br\/index.php\/wp-json\/wp\/v2\/posts\/34142\/revisions"}],"predecessor-version":[{"id":34145,"href":"https:\/\/www.sincomam.org.br\/index.php\/wp-json\/wp\/v2\/posts\/34142\/revisions\/34145"}],"wp:featuredmedia":[{"embeddable":true,"href":"https:\/\/www.sincomam.org.br\/index.php\/wp-json\/wp\/v2\/media\/34143"}],"wp:attachment":[{"href":"https:\/\/www.sincomam.org.br\/index.php\/wp-json\/wp\/v2\/media?parent=34142"}],"wp:term":[{"taxonomy":"category","embeddable":true,"href":"https:\/\/www.sincomam.org.br\/index.php\/wp-json\/wp\/v2\/categories?post=34142"},{"taxonomy":"post_tag","embeddable":true,"href":"https:\/\/www.sincomam.org.br\/index.php\/wp-json\/wp\/v2\/tags?post=34142"}],"curies":[{"name":"wp","href":"https:\/\/api.w.org\/{rel}","templated":true}]}}