{"id":34140,"date":"2021-03-05T10:09:25","date_gmt":"2021-03-05T13:09:25","guid":{"rendered":"http:\/\/www.sincomam.org.br\/?p=34140"},"modified":"2021-03-05T10:11:25","modified_gmt":"2021-03-05T13:11:25","slug":"fiocruz-detecta-variantes-do-coronavirus-em-tres-regioes-do-pais","status":"publish","type":"post","link":"https:\/\/www.sincomam.org.br\/index.php\/fiocruz-detecta-variantes-do-coronavirus-em-tres-regioes-do-pais\/","title":{"rendered":"Fiocruz detecta variantes do coronav\u00edrus em tr\u00eas regi\u00f5es do pa\u00eds"},"content":{"rendered":"<p><strong><em>Variantes s\u00e3o potencialmente mais transmiss\u00edveis; Brasil ultrapassa 260 mil mortos por Covid-19<\/em><\/strong><\/p>\n<p>Variantes do coronav\u00edrus Sars-CoV-2 foram detectadas pela Funda\u00e7\u00e3o Oswaldo Cruz (Fiocruz) como prevalentes em tr\u00eas regi\u00f5es do pa\u00eds. Por meio de testagens com o novo protocolo de RT-PCR, desenvolvido pela Fiocruz Amaz\u00f4nia, foi descoberto que em 10 estados das regi\u00f5es Sul, Sudeste e Nordeste a predomin\u00e2ncia \u00e9 das variantes conhecidas, que podem ser a P1, identificada inicialmente no Amazonas, B.1.1.7, no Reino Unido, e B.1.351, na \u00c1frica do Sul.<\/p>\n<p>Essas variantes s\u00e3o potencialmente mais transmiss\u00edveis e podem estar relacionadas aos aumentos vertiginosos de novos casos nos estados que fizeram parte da pesquisa da Fiocruz.<\/p>\n<p><em>\u201cDos oito estados avaliados neste recorte apenas dois n\u00e3o tiveram preval\u00eancia da muta\u00e7\u00e3o associada \u00e0s variantes de preocupa\u00e7\u00e3o superior a 50 %: caso de Minas Gerais, com 30,3% das amostras testadas como positivo para a muta\u00e7\u00e3o e, Alagoas, com 42,6%. Nos demais estados, mais de 50% das amostras foram identificadas com a muta\u00e7\u00e3o associada \u00e0s \u2018variantes de preocupa\u00e7\u00e3o\u2019\u201d, informou a Fiocruz em comunicado t\u00e9cnico divulgado nesta quinta-feira (4).<\/em><\/p>\n<p>De acordo com a Fiocruz, a alta circula\u00e7\u00e3o de pessoas e o aumento da propaga\u00e7\u00e3o do v\u00edrus Sars-CoV-2 tem favorecido o surgimento de \u2018variantes de preocupa\u00e7\u00e3o\u2019 no Brasil, como \u00e9 o caso da variante P1, identificada no Amazonas. O comunicado alerta para um cen\u00e1rio preocupante que alia o perfil potencialmente mais transmiss\u00edvel dessas variantes \u00e0 aus\u00eancia de medidas que possam ajudar a conter a propaga\u00e7\u00e3o e circula\u00e7\u00e3o do v\u00edrus.<\/p>\n<p>O comunicado destaca ainda como fundamental a ado\u00e7\u00e3o das medidas que possam reduzir a velocidade da propaga\u00e7\u00e3o e o crescimento do n\u00famero de casos, como a restri\u00e7\u00e3o da circula\u00e7\u00e3o e das atividades n\u00e3o essenciais e a implementa\u00e7\u00e3o imediata de planos e campanhas de comunica\u00e7\u00e3o, o fortalecimento do sistema de sa\u00fade, e a necessidade de constitui\u00e7\u00e3o de um pacto nacional para o enfrentamento da pandemia no pa\u00eds.<\/p>\n<p><strong>Brasil tem 1,7 mil mortes e 75,1 mil casos de covid-19 em 24 horas<\/strong><\/p>\n<p>O Brasil registrou nas \u00faltimas 24 horas 1.699 novas mortes por covid-19 e 75.102 novos casos da doen\u00e7a. Com isso, o pa\u00eds contabiliza 260.970 \u00f3bitos pelo novo coronav\u00edrus. O total de pessoas infectadas desde o in\u00edcio da pandemia chegou a 10.793.732.<\/p>\n<p>A taxa de letalidade est\u00e1 em 2,4%.\u00a0 O n\u00famero de brasileiros recuperados da doen\u00e7a \u00e9 de 9.637.020. Ainda segue em acompanhamento m\u00e9dico 895.742 pessoas. As informa\u00e7\u00f5es s\u00e3o do Minist\u00e9rio da Sa\u00fade, divulgadas na noite desta quinta-feira (4).<\/p>\n<p>Fonte: Ag\u00eancia Brasil<\/p>\n","protected":false},"excerpt":{"rendered":"<p>Variantes s\u00e3o potencialmente mais transmiss\u00edveis; Brasil ultrapassa 260 mil mortos por Covid-19 Variantes do coronav\u00edrus Sars-CoV-2 foram detectadas pela Funda\u00e7\u00e3o Oswaldo Cruz (Fiocruz) como prevalentes&#8230;<\/p>\n","protected":false},"author":1182,"featured_media":30092,"comment_status":"closed","ping_status":"closed","sticky":false,"template":"","format":"standard","meta":{"footnotes":""},"categories":[1],"tags":[248,61,2778,2752,2751,1042,3276,1756,4188,2755,630,1420,59,366,864,674,4229,1738],"class_list":["post-34140","post","type-post","status-publish","format-standard","has-post-thumbnail","hentry","category-sem-categoria","tag-amazonas","tag-brasil","tag-casos","tag-coronavirus","tag-covid-19","tag-estudo","tag-fiocruz","tag-morte","tag-mutacao","tag-pandemia","tag-pesquisa","tag-regiao","tag-rio-de-janeiro","tag-sao-paulo","tag-teste","tag-vacina","tag-variante","tag-virus"],"_links":{"self":[{"href":"https:\/\/www.sincomam.org.br\/index.php\/wp-json\/wp\/v2\/posts\/34140","targetHints":{"allow":["GET"]}}],"collection":[{"href":"https:\/\/www.sincomam.org.br\/index.php\/wp-json\/wp\/v2\/posts"}],"about":[{"href":"https:\/\/www.sincomam.org.br\/index.php\/wp-json\/wp\/v2\/types\/post"}],"author":[{"embeddable":true,"href":"https:\/\/www.sincomam.org.br\/index.php\/wp-json\/wp\/v2\/users\/1182"}],"replies":[{"embeddable":true,"href":"https:\/\/www.sincomam.org.br\/index.php\/wp-json\/wp\/v2\/comments?post=34140"}],"version-history":[{"count":1,"href":"https:\/\/www.sincomam.org.br\/index.php\/wp-json\/wp\/v2\/posts\/34140\/revisions"}],"predecessor-version":[{"id":34141,"href":"https:\/\/www.sincomam.org.br\/index.php\/wp-json\/wp\/v2\/posts\/34140\/revisions\/34141"}],"wp:featuredmedia":[{"embeddable":true,"href":"https:\/\/www.sincomam.org.br\/index.php\/wp-json\/wp\/v2\/media\/30092"}],"wp:attachment":[{"href":"https:\/\/www.sincomam.org.br\/index.php\/wp-json\/wp\/v2\/media?parent=34140"}],"wp:term":[{"taxonomy":"category","embeddable":true,"href":"https:\/\/www.sincomam.org.br\/index.php\/wp-json\/wp\/v2\/categories?post=34140"},{"taxonomy":"post_tag","embeddable":true,"href":"https:\/\/www.sincomam.org.br\/index.php\/wp-json\/wp\/v2\/tags?post=34140"}],"curies":[{"name":"wp","href":"https:\/\/api.w.org\/{rel}","templated":true}]}}