{"id":34136,"date":"2021-03-04T10:03:08","date_gmt":"2021-03-04T13:03:08","guid":{"rendered":"http:\/\/www.sincomam.org.br\/?p=34136"},"modified":"2021-03-04T10:03:08","modified_gmt":"2021-03-04T13:03:08","slug":"porto-de-suape-sera-hub-logistico-da-argentina-para-o-nordeste","status":"publish","type":"post","link":"https:\/\/www.sincomam.org.br\/index.php\/porto-de-suape-sera-hub-logistico-da-argentina-para-o-nordeste\/","title":{"rendered":"Porto de Suape ser\u00e1 hub log\u00edstico da Argentina para o Nordeste"},"content":{"rendered":"<p><strong><em>Tecon-Suape e Ag\u00eancia Argentina de Investimento e Com\u00e9rcio Internacional assinaram memorando de coopera\u00e7\u00e3o<\/em><\/strong><\/p>\n<p>O com\u00e9rcio bilateral entre Argentina e Nordeste do Brasil ter\u00e1 um facilitador e Pernambuco ser\u00e1 bastante beneficiado com isso. Foi assinado, nesta segunda-feira (1), o memorando de coopera\u00e7\u00e3o &#8211; MOC HUB Log\u00edstico entre Tecon-Suape e Ag\u00eancia Argentina de Investimento e Com\u00e9rcio Internacional, que coloca o Porto de Suape como porta oficial no fluxo de mercadorias que tenham o Nordeste como origem e destino.<\/p>\n<p>Com o acordo, Pernambuco passar\u00e1 a absorver diretamente toda a carga argentina com destino ao Nordeste, recolhendo os tributos da nacionaliza\u00e7\u00e3o. Atualmente, esse volume importado entra pelo Sul do pa\u00eds e chega \u00e0 regi\u00e3o pelas rodovias. Al\u00e9m da redu\u00e7\u00e3o de custos log\u00edsticos por utilizar o transporte mar\u00edtimo para acessar o mercado nordestino, empresas argentinas ter\u00e3o acesso a redu\u00e7\u00e3o de tarifas e incentivos fiscais do Estado.<\/p>\n<p>O secret\u00e1rio de Desenvolvimento Econ\u00f4mico, Geraldo Julio, que capitaneou o encontro por parte do Governo do Estado em di\u00e1logo com o Governo Argentino, destacou o ganho m\u00fatuo dessa nova rela\u00e7\u00e3o comercial.<\/p>\n<p><em>&#8220;O Porto de Suape tem o perfil de ser um polo regional na movimenta\u00e7\u00e3o de cargas para o Nordeste e precisava desse impulso para assumir de fato a posi\u00e7\u00e3o de entreposto nas rela\u00e7\u00f5es comerciais internacionais. A gente passa a elevar a movimenta\u00e7\u00e3o de cargas em nosso porto por centralizar a entrada e a sa\u00edda para o Nordeste, com o adicional de recolher os tributos da nacionaliza\u00e7\u00e3o, que antes ficavam retidos no Sul, ainda que o consumo fosse nosso. Todo esse volume passar\u00e1 a entrar diretamente por Suape&#8221;, destacou.<\/em><\/p>\n<p>Outro ponto forte \u00e9 como o setor empresarial pernambucano e do Nordeste pode tirar proveito dessa nova rela\u00e7\u00e3o comercial. &#8220;O memorando nos coloca diretamente conectado a um mercado mais amplo, com potencial enorme a ser trabalhado comercialmente. Isso potencializa, inclusive, os itens da lista de atrativos pernambucanos na hora de captar novos investimentos para c\u00e1 porque amplia as possibilidades para empres\u00e1rios que escolherem Pernambuco para fazer investimentos&#8221;, refor\u00e7ou Geraldo Julio.<\/p>\n<p>Em rela\u00e7\u00e3o \u00e0 Argentina, o acordo para tornar Suape o hub nordestino do pa\u00eds permite atingir diretamente uma regi\u00e3o de 57 milh\u00f5es de habitantes e PIB de US$ 212 bilh\u00f5es (ano 2020), evitando assim a intermedia\u00e7\u00e3o de importadores do Sul do Brasil, que depois vendem o produto j\u00e1 nacionalizado para o Norte\/Nordeste. Durante o encontro, o c\u00f4nsul Geral argentino no Recife, Alejandro Funes Lastra, ressaltou o entendimento por parte das autoridades do Governo de Pernambuco.<\/p>\n<p>&#8220;A iniciativa da assinatura \u00e9 estrat\u00e9gica na integra\u00e7\u00e3o entre ambos pa\u00edses e particularmente tendo em conta que o Porto de Suape \u00e9 um HUB Log\u00edstico no Nordeste do Brasil. Al\u00e9m do incremento do fluxo comercial entre Argentina e Pernambuco, e tamb\u00e9m na Regi\u00e3o, o memorando se torna ainda mais favor\u00e1vel com a redu\u00e7\u00e3o de custos log\u00edsticos. Com taxas diferenciadas para que os produtos argentinos ingressem ao Brasil atrav\u00e9s do Porto de Suape, quebramos a rela\u00e7\u00e3o de depend\u00eancia com o Sul do pa\u00eds&#8221;, pontuou.<\/p>\n<p><em>&#8220;Destaco o entendimento especial do senhor governador Paulo C\u00e2mara, que manteve um amistoso di\u00e1logo com o embaixador argentino; do secret\u00e1rio de Desenvolvimento, Geraldo Julio, e do presidente do Porto de Suape, Roberto Gusm\u00e3o, que apoiaram a iniciativa de estabelecer um Memorando de Coopera\u00e7\u00e3o com Tecon-Suape&#8221;, refor\u00e7ou o c\u00f4nsul Geral argentino no Recife.<\/em><\/p>\n<p>Al\u00e9m do presidente da Ag\u00eancia Argentina de Investimentos e Com\u00e9rcio Internacional, Juan Usandivaras, e do presidente da operadora de Servi\u00e7os Portu\u00e1rios Tecon-Suape, Javier Ramirez, outras autoridades argentinas tamb\u00e9m participaram do encontro, entre elas o embaixador da Argentina no Brasil, Daniel Scioli; o secret\u00e1rio de rela\u00e7\u00f5es econ\u00f4micas internacionais, Jorge Neme; e o subsecret\u00e1rio de Promo\u00e7\u00e3o de Com\u00e9rcio e Investimentos, Pablo Sivori.<\/p>\n<p>Fonte: Ascom Suape<\/p>\n","protected":false},"excerpt":{"rendered":"<p>Tecon-Suape e Ag\u00eancia Argentina de Investimento e Com\u00e9rcio Internacional assinaram memorando de coopera\u00e7\u00e3o O com\u00e9rcio bilateral entre Argentina e Nordeste do Brasil ter\u00e1 um facilitador&#8230;<\/p>\n","protected":false},"author":1182,"featured_media":29976,"comment_status":"closed","ping_status":"closed","sticky":false,"template":"","format":"standard","meta":{"footnotes":""},"categories":[6],"tags":[1371,4396,865,636],"class_list":["post-34136","post","type-post","status-publish","format-standard","has-post-thumbnail","hentry","category-noticias","tag-argentina","tag-hub-logistico","tag-nordeste","tag-porto-de-suape"],"_links":{"self":[{"href":"https:\/\/www.sincomam.org.br\/index.php\/wp-json\/wp\/v2\/posts\/34136","targetHints":{"allow":["GET"]}}],"collection":[{"href":"https:\/\/www.sincomam.org.br\/index.php\/wp-json\/wp\/v2\/posts"}],"about":[{"href":"https:\/\/www.sincomam.org.br\/index.php\/wp-json\/wp\/v2\/types\/post"}],"author":[{"embeddable":true,"href":"https:\/\/www.sincomam.org.br\/index.php\/wp-json\/wp\/v2\/users\/1182"}],"replies":[{"embeddable":true,"href":"https:\/\/www.sincomam.org.br\/index.php\/wp-json\/wp\/v2\/comments?post=34136"}],"version-history":[{"count":1,"href":"https:\/\/www.sincomam.org.br\/index.php\/wp-json\/wp\/v2\/posts\/34136\/revisions"}],"predecessor-version":[{"id":34137,"href":"https:\/\/www.sincomam.org.br\/index.php\/wp-json\/wp\/v2\/posts\/34136\/revisions\/34137"}],"wp:featuredmedia":[{"embeddable":true,"href":"https:\/\/www.sincomam.org.br\/index.php\/wp-json\/wp\/v2\/media\/29976"}],"wp:attachment":[{"href":"https:\/\/www.sincomam.org.br\/index.php\/wp-json\/wp\/v2\/media?parent=34136"}],"wp:term":[{"taxonomy":"category","embeddable":true,"href":"https:\/\/www.sincomam.org.br\/index.php\/wp-json\/wp\/v2\/categories?post=34136"},{"taxonomy":"post_tag","embeddable":true,"href":"https:\/\/www.sincomam.org.br\/index.php\/wp-json\/wp\/v2\/tags?post=34136"}],"curies":[{"name":"wp","href":"https:\/\/api.w.org\/{rel}","templated":true}]}}