{"id":34134,"date":"2021-03-04T09:43:33","date_gmt":"2021-03-04T12:43:33","guid":{"rendered":"http:\/\/www.sincomam.org.br\/?p=34134"},"modified":"2021-03-04T09:43:33","modified_gmt":"2021-03-04T12:43:33","slug":"antaq-realiza-audiencia-publica-virtual-para-arrendamento-de-areas-no-porto-de-maceio","status":"publish","type":"post","link":"https:\/\/www.sincomam.org.br\/index.php\/antaq-realiza-audiencia-publica-virtual-para-arrendamento-de-areas-no-porto-de-maceio\/","title":{"rendered":"ANTAQ realiza audi\u00eancia p\u00fablica virtual para arrendamento de \u00e1reas no Porto de Macei\u00f3"},"content":{"rendered":"<p><strong><em>A audi\u00eancia virtual ir\u00e1 debater e tirar d\u00favidas sobre os documentos t\u00e9cnicos e jur\u00eddicos relativos \u00e0s licita\u00e7\u00f5es das \u00e1reas<\/em><\/strong> <strong><em>MAC11 e MAC12<\/em><\/strong><\/p>\n<p>A Ag\u00eancia Nacional de Transportes Aquavi\u00e1rios (ANTAQ) informou que ser\u00e1 realizada nesta quinta-feira (4), a partir da 15h, audi\u00eancias p\u00fablicas virtuais referentes aos arrendamentos de duas \u00e1reas destinadas \u00e0 movimenta\u00e7\u00e3o e armazenagem de gran\u00e9is l\u00edquidos, especialmente combust\u00edveis, localizadas no Porto Organizado de Macei\u00f3\/AL, denominadas \u00e1reas MAC11 e MAC12.<\/p>\n<p>Segundo a Antaq, a audi\u00eancia tem por finalidade debater e tirar d\u00favidas sobre os documentos t\u00e9cnicos e jur\u00eddicos relativos \u00e0s licita\u00e7\u00f5es das duas \u00e1reas, que est\u00e3o em consulta p\u00fablica (Audi\u00eancias P\u00fablicas N\u00bas 01 e 02\/2021) no portal da Autarquia na internet.<\/p>\n<p><strong>Como participar<\/strong><\/p>\n<p>Os interessados em se manifestar na audi\u00eancia virtual dever\u00e3o se inscrever pelo WhatsApp (61) 2029-6940, no per\u00edodo das 10h \u00e0s 14h desta quinta-feira (4).<\/p>\n<p>Poder\u00e3o ainda enviar suas contribui\u00e7\u00f5es em formato de texto, \u00e1udio e\/ou v\u00eddeo utilizando o WhatsApp (61) 2029-6940, ou entrar na sala de reuni\u00e3o criada no aplicativo \u201cZoom\u201d. A audi\u00eancia ser\u00e1 transmitida por meio do link: https:\/\/youtu.be\/z719-Yn68H0.<\/p>\n<p>*Com informa\u00e7\u00f5es da Antaq<\/p>\n","protected":false},"excerpt":{"rendered":"<p>A audi\u00eancia virtual ir\u00e1 debater e tirar d\u00favidas sobre os documentos t\u00e9cnicos e jur\u00eddicos relativos \u00e0s licita\u00e7\u00f5es das \u00e1reas MAC11 e MAC12 A Ag\u00eancia Nacional&#8230;<\/p>\n","protected":false},"author":1182,"featured_media":30872,"comment_status":"closed","ping_status":"closed","sticky":false,"template":"","format":"standard","meta":{"footnotes":""},"categories":[6],"tags":[301,1372,1835,824,3362],"class_list":["post-34134","post","type-post","status-publish","format-standard","has-post-thumbnail","hentry","category-noticias","tag-antaq","tag-arrendamento","tag-audiencia-publica","tag-porto-de-maceio","tag-virtual"],"_links":{"self":[{"href":"https:\/\/www.sincomam.org.br\/index.php\/wp-json\/wp\/v2\/posts\/34134","targetHints":{"allow":["GET"]}}],"collection":[{"href":"https:\/\/www.sincomam.org.br\/index.php\/wp-json\/wp\/v2\/posts"}],"about":[{"href":"https:\/\/www.sincomam.org.br\/index.php\/wp-json\/wp\/v2\/types\/post"}],"author":[{"embeddable":true,"href":"https:\/\/www.sincomam.org.br\/index.php\/wp-json\/wp\/v2\/users\/1182"}],"replies":[{"embeddable":true,"href":"https:\/\/www.sincomam.org.br\/index.php\/wp-json\/wp\/v2\/comments?post=34134"}],"version-history":[{"count":1,"href":"https:\/\/www.sincomam.org.br\/index.php\/wp-json\/wp\/v2\/posts\/34134\/revisions"}],"predecessor-version":[{"id":34135,"href":"https:\/\/www.sincomam.org.br\/index.php\/wp-json\/wp\/v2\/posts\/34134\/revisions\/34135"}],"wp:featuredmedia":[{"embeddable":true,"href":"https:\/\/www.sincomam.org.br\/index.php\/wp-json\/wp\/v2\/media\/30872"}],"wp:attachment":[{"href":"https:\/\/www.sincomam.org.br\/index.php\/wp-json\/wp\/v2\/media?parent=34134"}],"wp:term":[{"taxonomy":"category","embeddable":true,"href":"https:\/\/www.sincomam.org.br\/index.php\/wp-json\/wp\/v2\/categories?post=34134"},{"taxonomy":"post_tag","embeddable":true,"href":"https:\/\/www.sincomam.org.br\/index.php\/wp-json\/wp\/v2\/tags?post=34134"}],"curies":[{"name":"wp","href":"https:\/\/api.w.org\/{rel}","templated":true}]}}