{"id":34127,"date":"2021-03-04T09:07:11","date_gmt":"2021-03-04T12:07:11","guid":{"rendered":"http:\/\/www.sincomam.org.br\/?p=34127"},"modified":"2021-03-04T09:07:11","modified_gmt":"2021-03-04T12:07:11","slug":"senado-aprova-pec-emergencial-em-primeiro-turno","status":"publish","type":"post","link":"https:\/\/www.sincomam.org.br\/index.php\/senado-aprova-pec-emergencial-em-primeiro-turno\/","title":{"rendered":"Senado aprova PEC Emergencial em primeiro turno"},"content":{"rendered":"<p><strong><em>Vota\u00e7\u00e3o do segundo turno da PEC foi convocada para esta quinta \u00e0s 11h<\/em><\/strong><\/p>\n<p>O Senado aprovou na noite de ontem (3), em primeiro turno, a Proposta de Emenda \u00e0 Constitui\u00e7\u00e3o (PEC) 186\/2019, a chamada PEC Emergencial. Depois de dias de discuss\u00e3o em plen\u00e1rio e negocia\u00e7\u00f5es nos bastidores, o relator da mat\u00e9ria, M\u00e1rcio Bittar (MDB-AC), chegou a um texto que, se n\u00e3o obteve unanimidade, conseguiu apoio da maioria. A vota\u00e7\u00e3o do segundo turno da PEC ocorre nesta quinta-feira (4) \u00e0s 11h.<\/p>\n<p>O texto-base da PEC foi aprovado por 62 senadores e teve 16 votos contr\u00e1rios no primeiro turno.\u00a0 Ap\u00f3s a aprova\u00e7\u00e3o em segundo turno, a PEC segue para an\u00e1lise da C\u00e2mara dos Deputados.<\/p>\n<p>O texto cria mecanismos de ajuste fiscal, caso as opera\u00e7\u00f5es de cr\u00e9dito da Uni\u00e3o excedam as despesas. Ele tamb\u00e9m possibilita o pagamento do aux\u00edlio emergencial com cr\u00e9ditos extraordin\u00e1rios sem ferir o teto de gastos p\u00fablicos. O gasto com o aux\u00edlio tamb\u00e9m n\u00e3o ser\u00e1 afetado pela chamada \u201cregra de ouro\u201d, um mecanismo que pro\u00edbe o governo de fazer d\u00edvidas para pagar despesas correntes. O governo estuda retornar com o aux\u00edlio emergencial em forma de quatro parcelas de R$ 250 ainda este m\u00eas.<\/p>\n<p><strong>Evitar gasto excessivo<\/strong><\/p>\n<p>Bittar acrescentou nesta quarta-feira ao relat\u00f3rio mais uma \u201ctrava\u201d para evitar um gasto excessivo com o aux\u00edlio. O relator limitou a R$ 44 bilh\u00f5es o valor dispon\u00edvel para pagamento do aux\u00edlio emergencial. \u201cNa reda\u00e7\u00e3o anterior n\u00e3o constava tal limite, o que poderia trazer incertezas quanto \u00e0 trajet\u00f3ria fiscal, com preju\u00edzos ao ambiente econ\u00f4mico\u201d, disse o senador em seu relat\u00f3rio.<\/p>\n<p>O relator tamb\u00e9m fixou o prazo de vig\u00eancia das medidas de ajuste fiscal previstas na PEC para enquanto durar a situa\u00e7\u00e3o de calamidade p\u00fablica. \u201cConsidero pertinentes as sugest\u00f5es de que a persist\u00eancia das veda\u00e7\u00f5es fiscais do Artigo 167-G seja mantida apenas durante a situa\u00e7\u00e3o de calamidade p\u00fablica de \u00e2mbito nacional e n\u00e3o estendida al\u00e9m do seu t\u00e9rmino\u201d<\/p>\n<p>As medidas de ajuste fiscal mantidas no texto incluem gatilhos de conten\u00e7\u00e3o de gastos para a Uni\u00e3o, os estados e os munic\u00edpios. Na esfera federal, todas as vezes em que a rela\u00e7\u00e3o entre as despesas obrigat\u00f3rias sujeitas ao teto de gastos e as despesas totais supere 95%, os poderes Executivo, Legislativo e Judici\u00e1rio e o Minist\u00e9rio P\u00fablico proibir\u00e3o aumentos de sal\u00e1rio para o funcionalismo, realiza\u00e7\u00e3o de concursos p\u00fablicos, cria\u00e7\u00e3o de despesas obrigat\u00f3rias e lan\u00e7amento de linhas de financiamento ou renegocia\u00e7\u00e3o de d\u00edvidas.<\/p>\n<p><strong>Aux\u00edlio emergencial separado<\/strong><\/p>\n<p>Durante a sess\u00e3o, os senadores votaram um requerimento do senador Alessandro Vieira (Cidadania-SE) que separava o aux\u00edlio emergencial das medidas de ajuste fiscal, fatiando a PEC em duas propostas diferentes. Vieira via no aux\u00edlio emergencial uma urg\u00eancia necess\u00e1ria na vota\u00e7\u00e3o; urg\u00eancia que n\u00e3o considerava ser a mesma nos trechos referentes ao ajuste fiscal.<\/p>\n<p>* Com informa\u00e7\u00f5es da Ag\u00eancia Senado-Ag\u00eancia Brasil<\/p>\n<p>Foto: divulga\u00e7\u00e3o<\/p>\n","protected":false},"excerpt":{"rendered":"<p>Vota\u00e7\u00e3o do segundo turno da PEC foi convocada para esta quinta \u00e0s 11h O Senado aprovou na noite de ontem (3), em primeiro turno, a&#8230;<\/p>\n","protected":false},"author":1182,"featured_media":18116,"comment_status":"closed","ping_status":"closed","sticky":false,"template":"","format":"standard","meta":{"footnotes":""},"categories":[6],"tags":[818,61,2145,4395,3513,924,1456],"class_list":["post-34127","post","type-post","status-publish","format-standard","has-post-thumbnail","hentry","category-noticias","tag-aprovacao","tag-brasil","tag-camara-dos-deputados","tag-pec-emergencial","tag-primeiro","tag-senado","tag-turno"],"_links":{"self":[{"href":"https:\/\/www.sincomam.org.br\/index.php\/wp-json\/wp\/v2\/posts\/34127","targetHints":{"allow":["GET"]}}],"collection":[{"href":"https:\/\/www.sincomam.org.br\/index.php\/wp-json\/wp\/v2\/posts"}],"about":[{"href":"https:\/\/www.sincomam.org.br\/index.php\/wp-json\/wp\/v2\/types\/post"}],"author":[{"embeddable":true,"href":"https:\/\/www.sincomam.org.br\/index.php\/wp-json\/wp\/v2\/users\/1182"}],"replies":[{"embeddable":true,"href":"https:\/\/www.sincomam.org.br\/index.php\/wp-json\/wp\/v2\/comments?post=34127"}],"version-history":[{"count":1,"href":"https:\/\/www.sincomam.org.br\/index.php\/wp-json\/wp\/v2\/posts\/34127\/revisions"}],"predecessor-version":[{"id":34128,"href":"https:\/\/www.sincomam.org.br\/index.php\/wp-json\/wp\/v2\/posts\/34127\/revisions\/34128"}],"wp:featuredmedia":[{"embeddable":true,"href":"https:\/\/www.sincomam.org.br\/index.php\/wp-json\/wp\/v2\/media\/18116"}],"wp:attachment":[{"href":"https:\/\/www.sincomam.org.br\/index.php\/wp-json\/wp\/v2\/media?parent=34127"}],"wp:term":[{"taxonomy":"category","embeddable":true,"href":"https:\/\/www.sincomam.org.br\/index.php\/wp-json\/wp\/v2\/categories?post=34127"},{"taxonomy":"post_tag","embeddable":true,"href":"https:\/\/www.sincomam.org.br\/index.php\/wp-json\/wp\/v2\/tags?post=34127"}],"curies":[{"name":"wp","href":"https:\/\/api.w.org\/{rel}","templated":true}]}}