{"id":34117,"date":"2021-03-03T10:48:24","date_gmt":"2021-03-03T13:48:24","guid":{"rendered":"http:\/\/www.sincomam.org.br\/?p=34117"},"modified":"2021-03-03T10:48:24","modified_gmt":"2021-03-03T13:48:24","slug":"quatro-conselheiros-da-petrobras-decidem-deixar-o-cargo","status":"publish","type":"post","link":"https:\/\/www.sincomam.org.br\/index.php\/quatro-conselheiros-da-petrobras-decidem-deixar-o-cargo\/","title":{"rendered":"Quatro conselheiros da Petrobras decidem deixar o cargo"},"content":{"rendered":"<p><strong><em>Eles s\u00e3o representantes da Uni\u00e3o dentro do conselho da empresa<\/em><\/strong><\/p>\n<p>A Petrobras informou, por meio de nota divulgada na noite de ontem (3), que quatro dos onze integrantes do Conselho de Administra\u00e7\u00e3o da empresa anunciaram a sa\u00edda. Jo\u00e3o Cox Neto, Nivio Ziviani, Paulo Cesar de Souza e Silva e Omar Carneiro da Cunha Sobrinho decidiram n\u00e3o ser reconduzidos ao conselho na pr\u00f3xima Assembleia Geral Extraordin\u00e1ria.<img decoding=\"async\" src=\"https:\/\/agenciabrasil.ebc.com.br\/ebc.png?id=1402797&amp;o=node\" \/><img decoding=\"async\" src=\"https:\/\/agenciabrasil.ebc.com.br\/ebc.gif?id=1402797&amp;o=node\" \/><\/p>\n<p>Os quatro s\u00e3o representantes do s\u00f3cio controlador, ou seja, da Uni\u00e3o, dentro do conselho, e a recondu\u00e7\u00e3o deles havia sido proposta pelo Minist\u00e9rio de Minas e Energia, em of\u00edcio enviado \u00e0 empresa em 19 de fevereiro.<\/p>\n<p>Omar Carneiro da Cunha justificou sua decis\u00e3o devido ao an\u00fancio de altera\u00e7\u00f5es da diretoria da empresa pelo governo federal. No m\u00eas passado, a Presid\u00eancia da Rep\u00fablica informou que trocar\u00e1 o comando da Petrobras, colocando o general Joaquim Luna e Silva no lugar do atual presidente da empresa, Roberto Castello Branco.<\/p>\n<p>\u201cEm virtude dos recentes acontecimentos relacionados a altera\u00e7\u00f5es na alta administra\u00e7\u00e3o da Petrobras, e os posicionamentos externados pelo representante maior do acionista controlador da mesma, n\u00e3o me sinto na posi\u00e7\u00e3o de aceitar a recondu\u00e7\u00e3o de meu nome como Conselheiro desta renomada empresa, na qual tive o privil\u00e9gio de servir nos \u00faltimos sete meses\u201d, escreveu em mensagem encaminhada \u00e0 presid\u00eancia do conselho, segundo a nota divulgada pela empresa.<\/p>\n<p>J\u00e1 Paulo Cesar de Souza e Silva pediu para n\u00e3o ser reconduzido ao cargo e agradeceu aos diretores e funcion\u00e1rios da empresa por um \u201cexcelente trabalho\u201d.<\/p>\n<p>Segundo a nota, Jo\u00e3o Cox Neto e Nivio Ziviani alegaram raz\u00f5es pessoais para n\u00e3o aceitar uma poss\u00edvel recondu\u00e7\u00e3o ao cargo na pr\u00f3xima assembleia.<\/p>\n<p>Fonte: Ag\u00eancia Brasil<\/p>\n","protected":false},"excerpt":{"rendered":"<p>Eles s\u00e3o representantes da Uni\u00e3o dentro do conselho da empresa A Petrobras informou, por meio de nota divulgada na noite de ontem (3), que quatro&#8230;<\/p>\n","protected":false},"author":1182,"featured_media":17775,"comment_status":"closed","ping_status":"closed","sticky":false,"template":"","format":"standard","meta":{"footnotes":""},"categories":[6],"tags":[2881,4391,1502,58,314,1279,2793],"class_list":["post-34117","post","type-post","status-publish","format-standard","has-post-thumbnail","hentry","category-noticias","tag-cargo","tag-conselheiros","tag-demissao","tag-petrobras","tag-presidente","tag-quatro","tag-renuncia"],"_links":{"self":[{"href":"https:\/\/www.sincomam.org.br\/index.php\/wp-json\/wp\/v2\/posts\/34117","targetHints":{"allow":["GET"]}}],"collection":[{"href":"https:\/\/www.sincomam.org.br\/index.php\/wp-json\/wp\/v2\/posts"}],"about":[{"href":"https:\/\/www.sincomam.org.br\/index.php\/wp-json\/wp\/v2\/types\/post"}],"author":[{"embeddable":true,"href":"https:\/\/www.sincomam.org.br\/index.php\/wp-json\/wp\/v2\/users\/1182"}],"replies":[{"embeddable":true,"href":"https:\/\/www.sincomam.org.br\/index.php\/wp-json\/wp\/v2\/comments?post=34117"}],"version-history":[{"count":1,"href":"https:\/\/www.sincomam.org.br\/index.php\/wp-json\/wp\/v2\/posts\/34117\/revisions"}],"predecessor-version":[{"id":34118,"href":"https:\/\/www.sincomam.org.br\/index.php\/wp-json\/wp\/v2\/posts\/34117\/revisions\/34118"}],"wp:featuredmedia":[{"embeddable":true,"href":"https:\/\/www.sincomam.org.br\/index.php\/wp-json\/wp\/v2\/media\/17775"}],"wp:attachment":[{"href":"https:\/\/www.sincomam.org.br\/index.php\/wp-json\/wp\/v2\/media?parent=34117"}],"wp:term":[{"taxonomy":"category","embeddable":true,"href":"https:\/\/www.sincomam.org.br\/index.php\/wp-json\/wp\/v2\/categories?post=34117"},{"taxonomy":"post_tag","embeddable":true,"href":"https:\/\/www.sincomam.org.br\/index.php\/wp-json\/wp\/v2\/tags?post=34117"}],"curies":[{"name":"wp","href":"https:\/\/api.w.org\/{rel}","templated":true}]}}