{"id":34103,"date":"2021-03-03T08:05:14","date_gmt":"2021-03-03T11:05:14","guid":{"rendered":"http:\/\/www.sincomam.org.br\/?p=34103"},"modified":"2021-03-02T16:42:33","modified_gmt":"2021-03-02T19:42:33","slug":"entra-em-vigor-lei-que-autoriza-acesso-a-consorcio-de-vacinas-contra-covid-19","status":"publish","type":"post","link":"https:\/\/www.sincomam.org.br\/index.php\/entra-em-vigor-lei-que-autoriza-acesso-a-consorcio-de-vacinas-contra-covid-19\/","title":{"rendered":"Entra em vigor lei que autoriza acesso a cons\u00f3rcio de vacinas contra Covid-19"},"content":{"rendered":"<p><strong><em>Presidente vetou dispositivo que dava 5 dias de prazo para a Anvisa aprovar vacinas autorizadas por ag\u00eancias de outros pa\u00edses<\/em><\/strong><\/p>\n<p>O presidente Jair Bolsonaro sancionou, com vetos, a medida provis\u00f3ria que autoriza a ades\u00e3o do Brasil ao cons\u00f3rcio internacional Covax Facility, coordenado pela Organiza\u00e7\u00e3o Mundial da Sa\u00fade (OMS) para distribuir vacinas contra a Covid-19.<\/p>\n<p>A ades\u00e3o permite o acesso a um portf\u00f3lio de vacinas em desenvolvimento no mundo, al\u00e9m de outras em fase de an\u00e1lise. Caber\u00e1 ao Covax Facility negociar com os fabricantes a compra de doses das vacinas em volumes especificados, os cronogramas de entrega e os pre\u00e7os cobrados dos pa\u00edses participantes.<\/p>\n<p>A Lei 14.121\/21 foi publicada nesta ter\u00e7a-feira (2), no Di\u00e1rio Oficial da Uni\u00e3o. A norma \u00e9 oriunda da Medida Provis\u00f3ria 1003\/20, aprovada pela C\u00e2mara dos Deputados em dezembro do ano passado.<\/p>\n<p><strong>Vetos<\/strong><\/p>\n<p>O presidente vetou seis artigos da nova lei, entre eles o que dava prazo de cinco dias para a Ag\u00eancia Nacional de Vigil\u00e2ncia Sanit\u00e1ria (Anvisa) aprovar a importa\u00e7\u00e3o e uso de qualquer vacina contra a Covid-19, desde que aprovada por autoridade sanit\u00e1ria estrangeira, como a dos Estados Unidos. O artigo havia sido inclu\u00eddo pelo Congresso Nacional.<\/p>\n<p>Bolsonaro alegou uma s\u00e9rie de motivos para o veto, como ofensa \u00e0 separa\u00e7\u00e3o dos poderes, risco \u00e0 sa\u00fade da popula\u00e7\u00e3o, impossibilidade de operacionaliza\u00e7\u00e3o da medida no prazo ex\u00edguo e supress\u00e3o da autonomia decis\u00f3ria da Anvisa.<\/p>\n<p>Tamb\u00e9m vetou o dispositivo que determinava ao governo comprar e distribuir aos estados e munic\u00edpios vacinas autorizadas pela Anvisa. A justificativa para o veto foi fiscal: Bolsonaro alegou que a regra criava despesa obrigat\u00f3ria sem apresentar a estimativa de gasto, como estabelece a legisla\u00e7\u00e3o.<\/p>\n<p><strong>Estados<\/strong><\/p>\n<p>Tamb\u00e9m foi exclu\u00eddo da lei o dispositivo que determinava que os estados poderiam imunizar sua popula\u00e7\u00e3o, com os custos arcados pela Uni\u00e3o, no caso de omiss\u00e3o ou de coordena\u00e7\u00e3o inadequada pelo Minist\u00e9rio da Sa\u00fade.<\/p>\n<p>Entre as raz\u00f5es alegadas para o veto est\u00e3o a aus\u00eancia de par\u00e2metros para medir a eventual omiss\u00e3o ou coordena\u00e7\u00e3o inadequada, a judicializa\u00e7\u00e3o da quest\u00e3o por falta destes par\u00e2metros e a cria\u00e7\u00e3o de despesa estadual para a Uni\u00e3o, em viola\u00e7\u00e3o ao pacto federativo.<\/p>\n<p>Estes e os demais vetos ser\u00e3o analisados agora pelos deputados e senadores, em sess\u00e3o do Congresso Nacional a ser marcada.<\/p>\n<p><strong>Melhores condi\u00e7\u00f5es<\/strong><\/p>\n<p>O cons\u00f3rcio Covax Facility envolve governos, laborat\u00f3rios e fabricantes com o objetivo de garantir o desenvolvimento de vacinas contra o novo coronav\u00edrus e o acesso igualit\u00e1rio a elas.<\/p>\n<p>Segundo o governo, a ades\u00e3o ao cons\u00f3rcio Covax Facility permitir\u00e1 ao Pa\u00eds negociar melhores termos com v\u00e1rias empresas e melhores condi\u00e7\u00f5es para garantir o acesso \u00e0s vacinas em cen\u00e1rio de intensa competi\u00e7\u00e3o.<\/p>\n<p>Outra medida provis\u00f3ria, a MP 1004\/20,\u00a0 libera cr\u00e9dito extraordin\u00e1rio de R$ 2,5 bilh\u00f5es para o Brasil participar do cons\u00f3rcio Covax Facility. Essa MP est\u00e1 na pauta de vota\u00e7\u00f5es do Plen\u00e1rio da C\u00e2mara.<\/p>\n<p>Fonte: Ag\u00eancia C\u00e2mara de Not\u00edcias<\/p>\n","protected":false},"excerpt":{"rendered":"<p>Presidente vetou dispositivo que dava 5 dias de prazo para a Anvisa aprovar vacinas autorizadas por ag\u00eancias de outros pa\u00edses O presidente Jair Bolsonaro sancionou,&#8230;<\/p>\n","protected":false},"author":1182,"featured_media":30124,"comment_status":"closed","ping_status":"closed","sticky":false,"template":"","format":"standard","meta":{"footnotes":""},"categories":[6],"tags":[1596,2784,61,1408,2752,4323,2751,1001,1794,1658],"class_list":["post-34103","post","type-post","status-publish","format-standard","has-post-thumbnail","hentry","category-noticias","tag-adesao","tag-autorizacao","tag-brasil","tag-consorcio","tag-coronavirus","tag-covax-facility","tag-covid-19","tag-lei","tag-oms","tag-veto"],"_links":{"self":[{"href":"https:\/\/www.sincomam.org.br\/index.php\/wp-json\/wp\/v2\/posts\/34103","targetHints":{"allow":["GET"]}}],"collection":[{"href":"https:\/\/www.sincomam.org.br\/index.php\/wp-json\/wp\/v2\/posts"}],"about":[{"href":"https:\/\/www.sincomam.org.br\/index.php\/wp-json\/wp\/v2\/types\/post"}],"author":[{"embeddable":true,"href":"https:\/\/www.sincomam.org.br\/index.php\/wp-json\/wp\/v2\/users\/1182"}],"replies":[{"embeddable":true,"href":"https:\/\/www.sincomam.org.br\/index.php\/wp-json\/wp\/v2\/comments?post=34103"}],"version-history":[{"count":1,"href":"https:\/\/www.sincomam.org.br\/index.php\/wp-json\/wp\/v2\/posts\/34103\/revisions"}],"predecessor-version":[{"id":34104,"href":"https:\/\/www.sincomam.org.br\/index.php\/wp-json\/wp\/v2\/posts\/34103\/revisions\/34104"}],"wp:featuredmedia":[{"embeddable":true,"href":"https:\/\/www.sincomam.org.br\/index.php\/wp-json\/wp\/v2\/media\/30124"}],"wp:attachment":[{"href":"https:\/\/www.sincomam.org.br\/index.php\/wp-json\/wp\/v2\/media?parent=34103"}],"wp:term":[{"taxonomy":"category","embeddable":true,"href":"https:\/\/www.sincomam.org.br\/index.php\/wp-json\/wp\/v2\/categories?post=34103"},{"taxonomy":"post_tag","embeddable":true,"href":"https:\/\/www.sincomam.org.br\/index.php\/wp-json\/wp\/v2\/tags?post=34103"}],"curies":[{"name":"wp","href":"https:\/\/api.w.org\/{rel}","templated":true}]}}